{"id":20705,"date":"2020-06-11T08:58:18","date_gmt":"2020-06-11T08:58:18","guid":{"rendered":"https:\/\/robertcutty.com\/?p=20705"},"modified":"2020-10-19T13:28:08","modified_gmt":"2020-10-19T13:28:08","slug":"futuro-il-mondo-di-oggi-e-come-se-lo-immaginavano-i-nostri-antenati","status":"publish","type":"post","link":"https:\/\/robertcutty.com\/it\/futuro-il-mondo-di-oggi-e-come-se-lo-immaginavano-i-nostri-antenati","title":{"rendered":"Futuro: il mondo di oggi \u00e8 come se lo immaginavano i nostri antenati?"},"content":{"rendered":"<p>Una delle pi\u00f9 grandi passioni dell&#8217;essere umano, non importa in quale epoca ci si trovi, \u00e8 sempre stata quella di immaginarsi come sar\u00e0 il futuro. Nell&#8217;avvenire tutto sembra pi\u00f9 affascinante rispetto a quello che si ha a disposizione nel presente, non si sa come mai: sar\u00e0 forse perch\u00e9, secondo la nostra immaginazione, le macchine nel futuro avranno le ali e potranno sorvolare intere citt\u00e0, o perch\u00e9 le persone vivranno in case subacquee a forma di bolla.<\/p>\n<p>Una cosa per\u00f2 \u00e8 certa, ovvero il fatto che esattamente come facciamo noi ora, anche i nostri antenati si sono immaginati la vita e le citt\u00e0 nel futuro, e ci hanno addirittura lasciato alcune testimonianze delle loro fantasie.<br \/>\nCos\u00ec viene spontaneo chiedersi: &#8220;Le loro idee hanno effettivamente preso vita?&#8221;. Scopriamolo insieme attraverso le illustrazioni de &#8220;<a href=\"https:\/\/commons.wikimedia.org\/wiki\/Category:France_in_XXI_Century_(fiction)\">En l&#8217;An<\/a>&#8221; di Jean-Marc C\u00f4t\u00e9, che agli esordi del 1900 illustr\u00f2 la sua visione dei futuri anni 2000.<\/p>\n<h3>La spa del futuro<\/h3>\n<div id=\"attachment_20707\" style=\"width: 297px\" class=\"wp-caption alignleft\"><img fetchpriority=\"high\" decoding=\"async\" aria-describedby=\"caption-attachment-20707\" class=\" wp-image-20707\" src=\"https:\/\/robertcutty.com\/wp-content\/uploads\/2020\/06\/donne-toilette-bagno-spa-futuro-300x190.jpeg\" alt=\"La toilette del futuro\" width=\"287\" height=\"182\" srcset=\"https:\/\/robertcutty.com\/wp-content\/uploads\/2020\/06\/donne-toilette-bagno-spa-futuro-300x190.jpeg 300w, https:\/\/robertcutty.com\/wp-content\/uploads\/2020\/06\/donne-toilette-bagno-spa-futuro-1024x647.jpeg 1024w, https:\/\/robertcutty.com\/wp-content\/uploads\/2020\/06\/donne-toilette-bagno-spa-futuro-768x485.jpeg 768w, https:\/\/robertcutty.com\/wp-content\/uploads\/2020\/06\/donne-toilette-bagno-spa-futuro-700x443.jpeg 700w, https:\/\/robertcutty.com\/wp-content\/uploads\/2020\/06\/donne-toilette-bagno-spa-futuro.jpeg 1400w\" sizes=\"(max-width: 287px) 100vw, 287px\" \/><p id=\"caption-attachment-20707\" class=\"wp-caption-text\">Credits by Wikimedia Commons<\/p><\/div>\n<p>Automatizzazione: a quanto pare, quando si parlava di futuro, era questa la parola d&#8217;ordine nel 1900. E cosa potrebbe esserci di pi\u00f9 comodo, se non una spa completamente automatica? Massaggi, pulizia del viso e make-up, secondo i nostri antenati, a partire dal 2000 in poi sarebbero stati fatti da macchine intelligenti, installabili direttamente nelle toilettes delle proprie case.<\/p>\n<p>Guardando ora quest&#8217;illustrazione, con gli occhi di uomini del 2000 a tutti gli effetti, possiamo dire che questa fantasia non era poi cos\u00ec assurda.<br \/>\nSono infatti moltissimi i gadget che oggi ci permettono di dare vita a una piccola spa personale all&#8217;interno delle nostre abitazioni. Un esempio? Beh, \u00e8 impossibile non nominare gli smart mirrors, che analizzano la composizione della nostra pelle suggerendoci quali prodotti utilizzare per mantenerla sempre sana e brillante.<\/p>\n<h3>Pulizie automatiche<\/h3>\n<div id=\"attachment_20708\" style=\"width: 299px\" class=\"wp-caption alignright\"><img decoding=\"async\" aria-describedby=\"caption-attachment-20708\" class=\" wp-image-20708\" src=\"https:\/\/robertcutty.com\/wp-content\/uploads\/2020\/06\/electric-scrubbing-en-an-futuro-300x189.jpeg\" alt=\"Pulizia automatica della casa\" width=\"289\" height=\"182\" srcset=\"https:\/\/robertcutty.com\/wp-content\/uploads\/2020\/06\/electric-scrubbing-en-an-futuro-300x189.jpeg 300w, https:\/\/robertcutty.com\/wp-content\/uploads\/2020\/06\/electric-scrubbing-en-an-futuro-768x485.jpeg 768w, https:\/\/robertcutty.com\/wp-content\/uploads\/2020\/06\/electric-scrubbing-en-an-futuro.jpeg 800w, https:\/\/robertcutty.com\/wp-content\/uploads\/2020\/06\/electric-scrubbing-en-an-futuro-700x442.jpeg 700w\" sizes=\"(max-width: 289px) 100vw, 289px\" \/><p id=\"caption-attachment-20708\" class=\"wp-caption-text\">Credits by Wikimedia Commons<\/p><\/div>\n<p>Sempre per restare in tema di automatizzazione, un altro oggetto che i nostri antenati si immaginavano pensando al futuro era quello dei robot per le pulizie. C\u00f4t\u00e9 infatti, attraverso sue illustrazioni, racconta di grandi aggeggi muniti di scopa e paletta in grado di pulire i pavimenti degli appartamenti in men che non si dica &#8211; anche se, in realt\u00e0, con un minimo aiuto umano.<\/p>\n<p>Anche qui, possiamo indubbiamente dire che i nostri avi ci abbiano preso alla grande. I mini robot-aspirapolvere che si muovono in autonomia per le stanze delle case hanno infatti spopolato negli ultimi anni, al punto che, solo in Italia, nel 2019 le loro vendite sono aumentate del 45% rispetto all&#8217;anno precedente.<\/p>\n<h3>Da uovo a pulcino in un batter d&#8217;occhio<\/h3>\n<div id=\"attachment_20709\" style=\"width: 310px\" class=\"wp-caption alignleft\"><img decoding=\"async\" aria-describedby=\"caption-attachment-20709\" class=\"size-medium wp-image-20709\" src=\"https:\/\/robertcutty.com\/wp-content\/uploads\/2020\/06\/polli-uova-pulcini-futuro-allevamento-300x192.jpg\" alt=\"Creatore di pulcini\" width=\"300\" height=\"192\" srcset=\"https:\/\/robertcutty.com\/wp-content\/uploads\/2020\/06\/polli-uova-pulcini-futuro-allevamento-300x192.jpg 300w, https:\/\/robertcutty.com\/wp-content\/uploads\/2020\/06\/polli-uova-pulcini-futuro-allevamento-768x491.jpg 768w, https:\/\/robertcutty.com\/wp-content\/uploads\/2020\/06\/polli-uova-pulcini-futuro-allevamento-700x447.jpg 700w, https:\/\/robertcutty.com\/wp-content\/uploads\/2020\/06\/polli-uova-pulcini-futuro-allevamento.jpg 980w\" sizes=\"(max-width: 300px) 100vw, 300px\" \/><p id=\"caption-attachment-20709\" class=\"wp-caption-text\">Credits by Wikimedia Commons<\/p><\/div>\n<p>Eccoci arrivati a quella che forse \u00e8 l&#8217;idea pi\u00f9 fantasiosa che gli uomini del passato hanno avuto pensando agli anni del 2000: si tratta di una macchina che permette di trasformare immediatamente le uova in pulcini. Una sorta di incubatrice, se cos\u00ec vogliamo vederla, che permette all&#8217;embrione all&#8217;interno dell&#8217;uovo di svilupparsi in pochi secondi. Il suo scopo potrebbe essere probabilmente quello di produrre il pi\u00f9 polli possibile nel minor tempo possibile, cos\u00ec da poter sfamare un gran numero di famiglie senza dover aspettare la crescita dei pulcini.<\/p>\n<p>Per quanto ne sappiamo per\u00f2, un prodotto simile non \u00e8 ancora stato inventato (se potete smentire, fatecelo sapere nei commenti!), e le uova vengono ancora covate dalle galline.<\/p>\n","protected":false},"excerpt":{"rendered":"<p>Una delle pi\u00f9 grandi passioni dell&#8217;essere umano, non importa in quale epoca ci si trovi, \u00e8 sempre stata quella di immaginarsi come sar\u00e0 il futuro. Nell&#8217;avvenire tutto sembra pi\u00f9 affascinante rispetto a quello che si ha a disposizione nel presente, non si sa come mai:&#8230;<\/p>\n","protected":false},"author":3,"featured_media":20710,"comment_status":"open","ping_status":"open","sticky":false,"template":"","format":"standard","meta":{"iawp_total_views":60,"footnotes":""},"categories":[1],"tags":[],"class_list":["post-20705","post","type-post","status-publish","format-standard","has-post-thumbnail","hentry","category-non-categorizzato"],"yoast_head":"<!-- This site is optimized with the Yoast SEO plugin v27.0 - https:\/\/yoast.com\/product\/yoast-seo-wordpress\/ -->\n<title>Il futuro visto dagli occhi degli uomini del 1900: En l&#039;An 2000 - Robert Cutty<\/title>\n<meta name=\"description\" content=\"Come sar\u00e0 il futuro \u00e8 una domanda che l&#039;essere umano si pone sempre, non importa in che epoca si trovi. Ecco come gli uomini del 1900 immaginavano il 2000.\" \/>\n<meta name=\"robots\" content=\"index, follow, max-snippet:-1, max-image-preview:large, max-video-preview:-1\" \/>\n<link rel=\"canonical\" href=\"https:\/\/robertcutty.com\/futuro-il-mondo-di-oggi-e-come-se-lo-immaginavano-i-nostri-antenati\" \/>\n<meta property=\"og:locale\" content=\"it_IT\" \/>\n<meta property=\"og:type\" content=\"article\" \/>\n<meta property=\"og:title\" content=\"Il futuro visto dagli occhi degli uomini del 1900: En l&#039;An 2000 - Robert Cutty\" \/>\n<meta property=\"og:description\" content=\"Come sar\u00e0 il futuro \u00e8 una domanda che l&#039;essere umano si pone sempre, non importa in che epoca si trovi. Ecco come gli uomini del 1900 immaginavano il 2000.\" \/>\n<meta property=\"og:url\" content=\"https:\/\/robertcutty.com\/futuro-il-mondo-di-oggi-e-come-se-lo-immaginavano-i-nostri-antenati\" \/>\n<meta property=\"og:site_name\" content=\"Robert Cutty\" \/>\n<meta property=\"article:published_time\" content=\"2020-06-11T08:58:18+00:00\" \/>\n<meta property=\"article:modified_time\" content=\"2020-10-19T13:28:08+00:00\" \/>\n<meta property=\"og:image\" content=\"https:\/\/robertcutty.com\/wp-content\/uploads\/2020\/06\/citta\u0300-del-futuro-prima-dopo-immaginazione.jpeg\" \/>\n\t<meta property=\"og:image:width\" content=\"1650\" \/>\n\t<meta property=\"og:image:height\" content=\"1100\" \/>\n\t<meta property=\"og:image:type\" content=\"image\/jpeg\" \/>\n<meta name=\"author\" content=\"Giulia Tassoni\" \/>\n<meta name=\"twitter:card\" content=\"summary_large_image\" \/>\n<meta name=\"twitter:label1\" content=\"Scritto da\" \/>\n\t<meta name=\"twitter:data1\" content=\"Giulia Tassoni\" \/>\n\t<meta name=\"twitter:label2\" content=\"Tempo di lettura stimato\" \/>\n\t<meta name=\"twitter:data2\" content=\"3 minuti\" \/>\n<script type=\"application\/ld+json\" class=\"yoast-schema-graph\">{\"@context\":\"https:\/\/schema.org\",\"@graph\":[{\"@type\":\"Article\",\"@id\":\"https:\/\/robertcutty.com\/futuro-il-mondo-di-oggi-e-come-se-lo-immaginavano-i-nostri-antenati#article\",\"isPartOf\":{\"@id\":\"https:\/\/robertcutty.com\/futuro-il-mondo-di-oggi-e-come-se-lo-immaginavano-i-nostri-antenati\"},\"author\":{\"name\":\"Giulia Tassoni\",\"@id\":\"https:\/\/robertcutty.com\/#\/schema\/person\/42b79bd8ffd9121ef7a5affcd691f634\"},\"headline\":\"Futuro: il mondo di oggi \u00e8 come se lo immaginavano i nostri antenati?\",\"datePublished\":\"2020-06-11T08:58:18+00:00\",\"dateModified\":\"2020-10-19T13:28:08+00:00\",\"mainEntityOfPage\":{\"@id\":\"https:\/\/robertcutty.com\/futuro-il-mondo-di-oggi-e-come-se-lo-immaginavano-i-nostri-antenati\"},\"wordCount\":569,\"commentCount\":0,\"image\":{\"@id\":\"https:\/\/robertcutty.com\/futuro-il-mondo-di-oggi-e-come-se-lo-immaginavano-i-nostri-antenati#primaryimage\"},\"thumbnailUrl\":\"https:\/\/robertcutty.com\/wp-content\/uploads\/2020\/06\/citta\u0300-del-futuro-prima-dopo-immaginazione.jpeg\",\"articleSection\":[\"Non categorizzato\"],\"inLanguage\":\"it-IT\",\"potentialAction\":[{\"@type\":\"CommentAction\",\"name\":\"Comment\",\"target\":[\"https:\/\/robertcutty.com\/futuro-il-mondo-di-oggi-e-come-se-lo-immaginavano-i-nostri-antenati#respond\"]}]},{\"@type\":\"WebPage\",\"@id\":\"https:\/\/robertcutty.com\/futuro-il-mondo-di-oggi-e-come-se-lo-immaginavano-i-nostri-antenati\",\"url\":\"https:\/\/robertcutty.com\/futuro-il-mondo-di-oggi-e-come-se-lo-immaginavano-i-nostri-antenati\",\"name\":\"Il futuro visto dagli occhi degli uomini del 1900: En l'An 2000 - Robert Cutty\",\"isPartOf\":{\"@id\":\"https:\/\/robertcutty.com\/#website\"},\"primaryImageOfPage\":{\"@id\":\"https:\/\/robertcutty.com\/futuro-il-mondo-di-oggi-e-come-se-lo-immaginavano-i-nostri-antenati#primaryimage\"},\"image\":{\"@id\":\"https:\/\/robertcutty.com\/futuro-il-mondo-di-oggi-e-come-se-lo-immaginavano-i-nostri-antenati#primaryimage\"},\"thumbnailUrl\":\"https:\/\/robertcutty.com\/wp-content\/uploads\/2020\/06\/citta\u0300-del-futuro-prima-dopo-immaginazione.jpeg\",\"datePublished\":\"2020-06-11T08:58:18+00:00\",\"dateModified\":\"2020-10-19T13:28:08+00:00\",\"author\":{\"@id\":\"https:\/\/robertcutty.com\/#\/schema\/person\/42b79bd8ffd9121ef7a5affcd691f634\"},\"description\":\"Come sar\u00e0 il futuro \u00e8 una domanda che l'essere umano si pone sempre, non importa in che epoca si trovi. Ecco come gli uomini del 1900 immaginavano il 2000.\",\"breadcrumb\":{\"@id\":\"https:\/\/robertcutty.com\/futuro-il-mondo-di-oggi-e-come-se-lo-immaginavano-i-nostri-antenati#breadcrumb\"},\"inLanguage\":\"it-IT\",\"potentialAction\":[{\"@type\":\"ReadAction\",\"target\":[\"https:\/\/robertcutty.com\/futuro-il-mondo-di-oggi-e-come-se-lo-immaginavano-i-nostri-antenati\"]}]},{\"@type\":\"ImageObject\",\"inLanguage\":\"it-IT\",\"@id\":\"https:\/\/robertcutty.com\/futuro-il-mondo-di-oggi-e-come-se-lo-immaginavano-i-nostri-antenati#primaryimage\",\"url\":\"https:\/\/robertcutty.com\/wp-content\/uploads\/2020\/06\/citta\u0300-del-futuro-prima-dopo-immaginazione.jpeg\",\"contentUrl\":\"https:\/\/robertcutty.com\/wp-content\/uploads\/2020\/06\/citta\u0300-del-futuro-prima-dopo-immaginazione.jpeg\",\"width\":1650,\"height\":1100,\"caption\":\"Fotografia di citt\u00e0 futuristica\"},{\"@type\":\"BreadcrumbList\",\"@id\":\"https:\/\/robertcutty.com\/futuro-il-mondo-di-oggi-e-come-se-lo-immaginavano-i-nostri-antenati#breadcrumb\",\"itemListElement\":[{\"@type\":\"ListItem\",\"position\":1,\"name\":\"Home\",\"item\":\"https:\/\/robertcutty.com\/it\"},{\"@type\":\"ListItem\",\"position\":2,\"name\":\"Futuro: il mondo di oggi \u00e8 come se lo immaginavano i nostri antenati?\"}]},{\"@type\":\"WebSite\",\"@id\":\"https:\/\/robertcutty.com\/#website\",\"url\":\"https:\/\/robertcutty.com\/\",\"name\":\"Robert Cutty\",\"description\":\"Agenzia di comunicazione ed organizzazione eventi per adulti e bambini\",\"potentialAction\":[{\"@type\":\"SearchAction\",\"target\":{\"@type\":\"EntryPoint\",\"urlTemplate\":\"https:\/\/robertcutty.com\/?s={search_term_string}\"},\"query-input\":{\"@type\":\"PropertyValueSpecification\",\"valueRequired\":true,\"valueName\":\"search_term_string\"}}],\"inLanguage\":\"it-IT\"},{\"@type\":\"Person\",\"@id\":\"https:\/\/robertcutty.com\/#\/schema\/person\/42b79bd8ffd9121ef7a5affcd691f634\",\"name\":\"Giulia Tassoni\",\"image\":{\"@type\":\"ImageObject\",\"inLanguage\":\"it-IT\",\"@id\":\"https:\/\/robertcutty.com\/#\/schema\/person\/image\/\",\"url\":\"https:\/\/secure.gravatar.com\/avatar\/9da91c415b3378fe0a6662b269d676a911e6691d680c7789875b6495ef0e014b?s=96&d=mm&r=g\",\"contentUrl\":\"https:\/\/secure.gravatar.com\/avatar\/9da91c415b3378fe0a6662b269d676a911e6691d680c7789875b6495ef0e014b?s=96&d=mm&r=g\",\"caption\":\"Giulia Tassoni\"},\"url\":\"https:\/\/robertcutty.com\/it\/author\/giulia-tassoni\"}]}<\/script>\n<!-- \/ Yoast SEO plugin. -->","yoast_head_json":{"title":"Il futuro visto dagli occhi degli uomini del 1900: En l'An 2000 - Robert Cutty","description":"Come sar\u00e0 il futuro \u00e8 una domanda che l'essere umano si pone sempre, non importa in che epoca si trovi. Ecco come gli uomini del 1900 immaginavano il 2000.","robots":{"index":"index","follow":"follow","max-snippet":"max-snippet:-1","max-image-preview":"max-image-preview:large","max-video-preview":"max-video-preview:-1"},"canonical":"https:\/\/robertcutty.com\/futuro-il-mondo-di-oggi-e-come-se-lo-immaginavano-i-nostri-antenati","og_locale":"it_IT","og_type":"article","og_title":"Il futuro visto dagli occhi degli uomini del 1900: En l'An 2000 - Robert Cutty","og_description":"Come sar\u00e0 il futuro \u00e8 una domanda che l'essere umano si pone sempre, non importa in che epoca si trovi. Ecco come gli uomini del 1900 immaginavano il 2000.","og_url":"https:\/\/robertcutty.com\/futuro-il-mondo-di-oggi-e-come-se-lo-immaginavano-i-nostri-antenati","og_site_name":"Robert Cutty","article_published_time":"2020-06-11T08:58:18+00:00","article_modified_time":"2020-10-19T13:28:08+00:00","og_image":[{"width":1650,"height":1100,"url":"https:\/\/robertcutty.com\/wp-content\/uploads\/2020\/06\/citta\u0300-del-futuro-prima-dopo-immaginazione.jpeg","type":"image\/jpeg"}],"author":"Giulia Tassoni","twitter_card":"summary_large_image","twitter_misc":{"Scritto da":"Giulia Tassoni","Tempo di lettura stimato":"3 minuti"},"schema":{"@context":"https:\/\/schema.org","@graph":[{"@type":"Article","@id":"https:\/\/robertcutty.com\/futuro-il-mondo-di-oggi-e-come-se-lo-immaginavano-i-nostri-antenati#article","isPartOf":{"@id":"https:\/\/robertcutty.com\/futuro-il-mondo-di-oggi-e-come-se-lo-immaginavano-i-nostri-antenati"},"author":{"name":"Giulia Tassoni","@id":"https:\/\/robertcutty.com\/#\/schema\/person\/42b79bd8ffd9121ef7a5affcd691f634"},"headline":"Futuro: il mondo di oggi \u00e8 come se lo immaginavano i nostri antenati?","datePublished":"2020-06-11T08:58:18+00:00","dateModified":"2020-10-19T13:28:08+00:00","mainEntityOfPage":{"@id":"https:\/\/robertcutty.com\/futuro-il-mondo-di-oggi-e-come-se-lo-immaginavano-i-nostri-antenati"},"wordCount":569,"commentCount":0,"image":{"@id":"https:\/\/robertcutty.com\/futuro-il-mondo-di-oggi-e-come-se-lo-immaginavano-i-nostri-antenati#primaryimage"},"thumbnailUrl":"https:\/\/robertcutty.com\/wp-content\/uploads\/2020\/06\/citta\u0300-del-futuro-prima-dopo-immaginazione.jpeg","articleSection":["Non categorizzato"],"inLanguage":"it-IT","potentialAction":[{"@type":"CommentAction","name":"Comment","target":["https:\/\/robertcutty.com\/futuro-il-mondo-di-oggi-e-come-se-lo-immaginavano-i-nostri-antenati#respond"]}]},{"@type":"WebPage","@id":"https:\/\/robertcutty.com\/futuro-il-mondo-di-oggi-e-come-se-lo-immaginavano-i-nostri-antenati","url":"https:\/\/robertcutty.com\/futuro-il-mondo-di-oggi-e-come-se-lo-immaginavano-i-nostri-antenati","name":"Il futuro visto dagli occhi degli uomini del 1900: En l'An 2000 - Robert Cutty","isPartOf":{"@id":"https:\/\/robertcutty.com\/#website"},"primaryImageOfPage":{"@id":"https:\/\/robertcutty.com\/futuro-il-mondo-di-oggi-e-come-se-lo-immaginavano-i-nostri-antenati#primaryimage"},"image":{"@id":"https:\/\/robertcutty.com\/futuro-il-mondo-di-oggi-e-come-se-lo-immaginavano-i-nostri-antenati#primaryimage"},"thumbnailUrl":"https:\/\/robertcutty.com\/wp-content\/uploads\/2020\/06\/citta\u0300-del-futuro-prima-dopo-immaginazione.jpeg","datePublished":"2020-06-11T08:58:18+00:00","dateModified":"2020-10-19T13:28:08+00:00","author":{"@id":"https:\/\/robertcutty.com\/#\/schema\/person\/42b79bd8ffd9121ef7a5affcd691f634"},"description":"Come sar\u00e0 il futuro \u00e8 una domanda che l'essere umano si pone sempre, non importa in che epoca si trovi. Ecco come gli uomini del 1900 immaginavano il 2000.","breadcrumb":{"@id":"https:\/\/robertcutty.com\/futuro-il-mondo-di-oggi-e-come-se-lo-immaginavano-i-nostri-antenati#breadcrumb"},"inLanguage":"it-IT","potentialAction":[{"@type":"ReadAction","target":["https:\/\/robertcutty.com\/futuro-il-mondo-di-oggi-e-come-se-lo-immaginavano-i-nostri-antenati"]}]},{"@type":"ImageObject","inLanguage":"it-IT","@id":"https:\/\/robertcutty.com\/futuro-il-mondo-di-oggi-e-come-se-lo-immaginavano-i-nostri-antenati#primaryimage","url":"https:\/\/robertcutty.com\/wp-content\/uploads\/2020\/06\/citta\u0300-del-futuro-prima-dopo-immaginazione.jpeg","contentUrl":"https:\/\/robertcutty.com\/wp-content\/uploads\/2020\/06\/citta\u0300-del-futuro-prima-dopo-immaginazione.jpeg","width":1650,"height":1100,"caption":"Fotografia di citt\u00e0 futuristica"},{"@type":"BreadcrumbList","@id":"https:\/\/robertcutty.com\/futuro-il-mondo-di-oggi-e-come-se-lo-immaginavano-i-nostri-antenati#breadcrumb","itemListElement":[{"@type":"ListItem","position":1,"name":"Home","item":"https:\/\/robertcutty.com\/it"},{"@type":"ListItem","position":2,"name":"Futuro: il mondo di oggi \u00e8 come se lo immaginavano i nostri antenati?"}]},{"@type":"WebSite","@id":"https:\/\/robertcutty.com\/#website","url":"https:\/\/robertcutty.com\/","name":"Robert Cutty","description":"Agenzia di comunicazione ed organizzazione eventi per adulti e bambini","potentialAction":[{"@type":"SearchAction","target":{"@type":"EntryPoint","urlTemplate":"https:\/\/robertcutty.com\/?s={search_term_string}"},"query-input":{"@type":"PropertyValueSpecification","valueRequired":true,"valueName":"search_term_string"}}],"inLanguage":"it-IT"},{"@type":"Person","@id":"https:\/\/robertcutty.com\/#\/schema\/person\/42b79bd8ffd9121ef7a5affcd691f634","name":"Giulia Tassoni","image":{"@type":"ImageObject","inLanguage":"it-IT","@id":"https:\/\/robertcutty.com\/#\/schema\/person\/image\/","url":"https:\/\/secure.gravatar.com\/avatar\/9da91c415b3378fe0a6662b269d676a911e6691d680c7789875b6495ef0e014b?s=96&d=mm&r=g","contentUrl":"https:\/\/secure.gravatar.com\/avatar\/9da91c415b3378fe0a6662b269d676a911e6691d680c7789875b6495ef0e014b?s=96&d=mm&r=g","caption":"Giulia Tassoni"},"url":"https:\/\/robertcutty.com\/it\/author\/giulia-tassoni"}]}},"_links":{"self":[{"href":"https:\/\/robertcutty.com\/it\/wp-json\/wp\/v2\/posts\/20705","targetHints":{"allow":["GET"]}}],"collection":[{"href":"https:\/\/robertcutty.com\/it\/wp-json\/wp\/v2\/posts"}],"about":[{"href":"https:\/\/robertcutty.com\/it\/wp-json\/wp\/v2\/types\/post"}],"author":[{"embeddable":true,"href":"https:\/\/robertcutty.com\/it\/wp-json\/wp\/v2\/users\/3"}],"replies":[{"embeddable":true,"href":"https:\/\/robertcutty.com\/it\/wp-json\/wp\/v2\/comments?post=20705"}],"version-history":[{"count":9,"href":"https:\/\/robertcutty.com\/it\/wp-json\/wp\/v2\/posts\/20705\/revisions"}],"predecessor-version":[{"id":21188,"href":"https:\/\/robertcutty.com\/it\/wp-json\/wp\/v2\/posts\/20705\/revisions\/21188"}],"wp:featuredmedia":[{"embeddable":true,"href":"https:\/\/robertcutty.com\/it\/wp-json\/wp\/v2\/media\/20710"}],"wp:attachment":[{"href":"https:\/\/robertcutty.com\/it\/wp-json\/wp\/v2\/media?parent=20705"}],"wp:term":[{"taxonomy":"category","embeddable":true,"href":"https:\/\/robertcutty.com\/it\/wp-json\/wp\/v2\/categories?post=20705"},{"taxonomy":"post_tag","embeddable":true,"href":"https:\/\/robertcutty.com\/it\/wp-json\/wp\/v2\/tags?post=20705"}],"curies":[{"name":"wp","href":"https:\/\/api.w.org\/{rel}","templated":true}]}}