{"id":20475,"date":"2020-04-24T07:34:00","date_gmt":"2020-04-24T07:34:00","guid":{"rendered":"https:\/\/robertcutty.com\/?p=20475"},"modified":"2020-04-24T07:36:27","modified_gmt":"2020-04-24T07:36:27","slug":"fuorisalone-2019-tutti-gli-highlights","status":"publish","type":"post","link":"https:\/\/robertcutty.com\/it\/fuorisalone-2019-tutti-gli-highlights","title":{"rendered":"Fuorisalone 2019: tutti gli highlights"},"content":{"rendered":"<p>Questo 2020 non \u00e8 sicuramente dalla nostra. In seguito a tutte le restrizioni dovute all&#8217;emergenza sanitaria in corso, moltissimi sono stati gli eventi annullati, tra cui &#8211; purtroppo &#8211; il Fuorisalone.<br \/>\nIl Fuorisalone \u00e8 un po&#8217; sempre stato una delle grandi icone di Milano. Sia appassionati che professionisti attendono l&#8217;appuntamento annuale col design come se fosse Natale, e l&#8217;annuncio della sua cancellazione \u00e8 stato un duro colpo per molti. La notizia positiva \u00e8 che, dal 15 al 21 giugno, per la prima volta nella storia il Fuorisalone 2020 si sposter\u00e0 online. Si sperimenter\u00e0 cos\u00ec la realizzazione di uno degli eventi preferiti di Milano sotto una nuova forma.<br \/>\nPer i nostalgici invece, che hanno sperato fino all&#8217;ultimo decreto di poter partecipare al Fuorisalone, abbiamo pensato di ripercorrere highlights dell&#8217;edizione del Fuorisalone 2019. Pronti a fare un tuffo nel passato?<\/p>\n<h3>Le farfalle di Amorales in Fondazione Pini<\/h3>\n<p><img fetchpriority=\"high\" decoding=\"async\" class=\" wp-image-20477 alignleft\" src=\"https:\/\/robertcutty.com\/wp-content\/uploads\/2020\/04\/amorales-black-cloud-700x875-1-240x300.jpg\" alt=\"Farfalle nere in stanza bianca Fuorisalone 2019\" width=\"218\" height=\"273\" srcset=\"https:\/\/robertcutty.com\/wp-content\/uploads\/2020\/04\/amorales-black-cloud-700x875-1-240x300.jpg 240w, https:\/\/robertcutty.com\/wp-content\/uploads\/2020\/04\/amorales-black-cloud-700x875-1.jpg 700w\" sizes=\"(max-width: 218px) 100vw, 218px\" \/>Sono state tantissime le installazioni che hanno tolto il fiato agli spettatori durante l&#8217;edizione 2019 del Fuorisalone, ma le farfalle nere di Amorales sono state indubbiamente le pi\u00f9 gettonate.<br \/>\nPer ammirarle si sono dovute fare ore di coda all&#8217;ingresso della Fondazione Pini, il palazzo in Brera che le ha ospitate. Sicuramente per\u00f2, lo spettacolo ha ripagato l&#8217;attesa. Le farfalle, che hanno composto l&#8217;opera &#8220;Black Cloud&#8221;, erano in tutto 15.000, e simboleggiavano la pesantezza della vita.<br \/>\nLe farfalle infatti, in se animali leggiadri e liberi di spostarsi ovunque grazie alle proprie ali, sono state tinte di nero, un colore cupo e che nella maggior parte delle culture rappresenta d\u00e0 l&#8217;immagine di un peso.<\/p>\n<p>L&#8217;artista messicano Amorales dunque, con la sua opera che ha fatto innamorare chiunque, ha deciso di rappresentare la contraddittoriet\u00e0 della vita, oscillante tra peso e leggerezza.<\/p>\n<h3>Cesare Correnti: palcoscenico di sensorialit\u00e0 e magnifici tappeti<\/h3>\n<p><img decoding=\"async\" class=\" wp-image-20478 alignright\" src=\"https:\/\/robertcutty.com\/wp-content\/uploads\/2020\/04\/tappeti-indiani-700x875-fuorisalone-2019-design-sensoriale-sensorialita\u0300-240x300.jpg\" alt=\"Tappeto indiano\" width=\"216\" height=\"271\" srcset=\"https:\/\/robertcutty.com\/wp-content\/uploads\/2020\/04\/tappeti-indiani-700x875-fuorisalone-2019-design-sensoriale-sensorialita\u0300-240x300.jpg 240w, https:\/\/robertcutty.com\/wp-content\/uploads\/2020\/04\/tappeti-indiani-700x875-fuorisalone-2019-design-sensoriale-sensorialita\u0300.jpg 700w\" sizes=\"(max-width: 216px) 100vw, 216px\" \/>Cesare Correnti 14, uno delle location pi\u00f9 frequentate delle 5VIE durante il Fuorisalone, l&#8217;anno scorso \u00e8 stata il palcoscenico di uno spettacolo a dir poco fantastico.<br \/>\nIlo Rugs, in collaborazione con Studiopepe, Almost black e Massimo Camoletto, hanno infatti dato vita a un incredibile percorso sensoriale che si delineava tra le stanze della struttura di Cesare Correnti 14.<br \/>\nI protagonisti? I tappeti indiani di Ilo Rugs, implementati con dei tool che permettevano agli spettatori di interagire direttamente con il prodotto stesso. Sfiorando i vari tappeti infatti, non solo si poteva percepire la loro fattura pregiata, ma si poteva dare anche vita a suoni orientali ed esperienze irreplicabili.<\/p>\n<p>Quest&#8217;installazione \u00e8 stata come un viaggio in India senza prendere aerei, e ci ha fatti tutti irreversibilmente di una delle culture pi\u00f9 lontane dalla nostra.<\/p>\n<h3 class=\"LC20lb MMgsKf\">Alex Chinneck, re del Fuorisalone 2019<\/h3>\n<p><img decoding=\"async\" class=\" wp-image-20479 alignleft\" src=\"https:\/\/robertcutty.com\/wp-content\/uploads\/2020\/04\/Fuorisalone-2019-chinnek-zip-palazzo-design-300x199.jpg\" alt=\"Palazzo a zip\" width=\"348\" height=\"231\" srcset=\"https:\/\/robertcutty.com\/wp-content\/uploads\/2020\/04\/Fuorisalone-2019-chinnek-zip-palazzo-design-300x199.jpg 300w, https:\/\/robertcutty.com\/wp-content\/uploads\/2020\/04\/Fuorisalone-2019-chinnek-zip-palazzo-design-768x510.jpg 768w, https:\/\/robertcutty.com\/wp-content\/uploads\/2020\/04\/Fuorisalone-2019-chinnek-zip-palazzo-design-391x260.jpg 391w, https:\/\/robertcutty.com\/wp-content\/uploads\/2020\/04\/Fuorisalone-2019-chinnek-zip-palazzo-design-700x465.jpg 700w, https:\/\/robertcutty.com\/wp-content\/uploads\/2020\/04\/Fuorisalone-2019-chinnek-zip-palazzo-design.jpg 900w\" sizes=\"(max-width: 348px) 100vw, 348px\" \/><\/p>\n<p>C&#8217;\u00e8 poco da dire, il re del Tortona Design Distric durante il Fuorisalone 2019 \u00e8 stato indubbiamente Alex Chinneck. Lo scultore inglese, di fama internazionale, ha realizzato l&#8217;indimenticabile &#8220;palazzo con la zip&#8221; per IQOS.<\/p>\n<p>Innumerevoli sono state le persone che hanno raggiunto il distretto a Sud di Milano solo per vedere quest&#8217;opera. Il palazzo, protagonista dell&#8217;Opificio 31, ha la lasciato letteralmente a bocca aperta sia i pi\u00f9 grandi che i pi\u00f9 piccini.<br \/>\nLa zip presente sull&#8217;edificio, che dava l&#8217;illusione di dividerlo in due, non era per\u00f2 la sola in location. Altre zip pi\u00f9 piccole infatti erano presenti anche sull&#8217;asfalto, dando l&#8217;impressione ai passanti di poter di colpo cadere in un buco che porta al centro della Terra.<\/p>\n","protected":false},"excerpt":{"rendered":"<p>Questo 2020 non \u00e8 sicuramente dalla nostra. In seguito a tutte le restrizioni dovute all&#8217;emergenza sanitaria in corso, moltissimi sono stati gli eventi annullati, tra cui &#8211; purtroppo &#8211; il Fuorisalone. Il Fuorisalone \u00e8 un po&#8217; sempre stato una delle grandi icone di Milano. Sia&#8230;<\/p>\n","protected":false},"author":3,"featured_media":17578,"comment_status":"open","ping_status":"open","sticky":false,"template":"","format":"standard","meta":{"iawp_total_views":7,"footnotes":""},"categories":[1],"tags":[],"class_list":["post-20475","post","type-post","status-publish","format-standard","has-post-thumbnail","hentry","category-non-categorizzato"],"yoast_head":"<!-- This site is optimized with the Yoast SEO plugin v27.0 - https:\/\/yoast.com\/product\/yoast-seo-wordpress\/ -->\n<title>Fuorisalone 2019: tutti gli highlights della scorsa edizione - Robert Cutty<\/title>\n<meta name=\"description\" content=\"Una compilation delle tre migliori opere presentate durante edizione del Fuorisalone 2019 di Milano, principale evento di design in Italia.\" \/>\n<meta name=\"robots\" content=\"index, follow, max-snippet:-1, max-image-preview:large, max-video-preview:-1\" \/>\n<link rel=\"canonical\" href=\"https:\/\/robertcutty.com\/fuorisalone-2019-tutti-gli-highlights\" \/>\n<meta property=\"og:locale\" content=\"it_IT\" \/>\n<meta property=\"og:type\" content=\"article\" \/>\n<meta property=\"og:title\" content=\"Fuorisalone 2019: tutti gli highlights della scorsa edizione - Robert Cutty\" \/>\n<meta property=\"og:description\" content=\"Una compilation delle tre migliori opere presentate durante edizione del Fuorisalone 2019 di Milano, principale evento di design in Italia.\" \/>\n<meta property=\"og:url\" content=\"https:\/\/robertcutty.com\/fuorisalone-2019-tutti-gli-highlights\" \/>\n<meta property=\"og:site_name\" content=\"Robert Cutty\" \/>\n<meta property=\"article:published_time\" content=\"2020-04-24T07:34:00+00:00\" \/>\n<meta property=\"article:modified_time\" content=\"2020-04-24T07:36:27+00:00\" \/>\n<meta property=\"og:image\" content=\"https:\/\/robertcutty.com\/wp-content\/uploads\/2019\/05\/alessandra-roveda-fuorisalone-e1587713751537.jpg\" \/>\n\t<meta property=\"og:image:width\" content=\"720\" \/>\n\t<meta property=\"og:image:height\" content=\"479\" \/>\n\t<meta property=\"og:image:type\" content=\"image\/jpeg\" \/>\n<meta name=\"author\" content=\"Giulia Tassoni\" \/>\n<meta name=\"twitter:card\" content=\"summary_large_image\" \/>\n<meta name=\"twitter:label1\" content=\"Scritto da\" \/>\n\t<meta name=\"twitter:data1\" content=\"Giulia Tassoni\" \/>\n\t<meta name=\"twitter:label2\" content=\"Tempo di lettura stimato\" \/>\n\t<meta name=\"twitter:data2\" content=\"3 minuti\" \/>\n<script type=\"application\/ld+json\" class=\"yoast-schema-graph\">{\"@context\":\"https:\/\/schema.org\",\"@graph\":[{\"@type\":\"Article\",\"@id\":\"https:\/\/robertcutty.com\/fuorisalone-2019-tutti-gli-highlights#article\",\"isPartOf\":{\"@id\":\"https:\/\/robertcutty.com\/fuorisalone-2019-tutti-gli-highlights\"},\"author\":{\"name\":\"Giulia Tassoni\",\"@id\":\"https:\/\/robertcutty.com\/#\/schema\/person\/42b79bd8ffd9121ef7a5affcd691f634\"},\"headline\":\"Fuorisalone 2019: tutti gli highlights\",\"datePublished\":\"2020-04-24T07:34:00+00:00\",\"dateModified\":\"2020-04-24T07:36:27+00:00\",\"mainEntityOfPage\":{\"@id\":\"https:\/\/robertcutty.com\/fuorisalone-2019-tutti-gli-highlights\"},\"wordCount\":551,\"commentCount\":0,\"image\":{\"@id\":\"https:\/\/robertcutty.com\/fuorisalone-2019-tutti-gli-highlights#primaryimage\"},\"thumbnailUrl\":\"https:\/\/robertcutty.com\/wp-content\/uploads\/2019\/05\/alessandra-roveda-fuorisalone-e1587713751537.jpg\",\"articleSection\":[\"Non categorizzato\"],\"inLanguage\":\"it-IT\",\"potentialAction\":[{\"@type\":\"CommentAction\",\"name\":\"Comment\",\"target\":[\"https:\/\/robertcutty.com\/fuorisalone-2019-tutti-gli-highlights#respond\"]}]},{\"@type\":\"WebPage\",\"@id\":\"https:\/\/robertcutty.com\/fuorisalone-2019-tutti-gli-highlights\",\"url\":\"https:\/\/robertcutty.com\/fuorisalone-2019-tutti-gli-highlights\",\"name\":\"Fuorisalone 2019: tutti gli highlights della scorsa edizione - Robert Cutty\",\"isPartOf\":{\"@id\":\"https:\/\/robertcutty.com\/#website\"},\"primaryImageOfPage\":{\"@id\":\"https:\/\/robertcutty.com\/fuorisalone-2019-tutti-gli-highlights#primaryimage\"},\"image\":{\"@id\":\"https:\/\/robertcutty.com\/fuorisalone-2019-tutti-gli-highlights#primaryimage\"},\"thumbnailUrl\":\"https:\/\/robertcutty.com\/wp-content\/uploads\/2019\/05\/alessandra-roveda-fuorisalone-e1587713751537.jpg\",\"datePublished\":\"2020-04-24T07:34:00+00:00\",\"dateModified\":\"2020-04-24T07:36:27+00:00\",\"author\":{\"@id\":\"https:\/\/robertcutty.com\/#\/schema\/person\/42b79bd8ffd9121ef7a5affcd691f634\"},\"description\":\"Una compilation delle tre migliori opere presentate durante edizione del Fuorisalone 2019 di Milano, principale evento di design in Italia.\",\"breadcrumb\":{\"@id\":\"https:\/\/robertcutty.com\/fuorisalone-2019-tutti-gli-highlights#breadcrumb\"},\"inLanguage\":\"it-IT\",\"potentialAction\":[{\"@type\":\"ReadAction\",\"target\":[\"https:\/\/robertcutty.com\/fuorisalone-2019-tutti-gli-highlights\"]}]},{\"@type\":\"ImageObject\",\"inLanguage\":\"it-IT\",\"@id\":\"https:\/\/robertcutty.com\/fuorisalone-2019-tutti-gli-highlights#primaryimage\",\"url\":\"https:\/\/robertcutty.com\/wp-content\/uploads\/2019\/05\/alessandra-roveda-fuorisalone-e1587713751537.jpg\",\"contentUrl\":\"https:\/\/robertcutty.com\/wp-content\/uploads\/2019\/05\/alessandra-roveda-fuorisalone-e1587713751537.jpg\",\"width\":720,\"height\":479,\"caption\":\"Letto Missoni Fuorisalone 2019\"},{\"@type\":\"BreadcrumbList\",\"@id\":\"https:\/\/robertcutty.com\/fuorisalone-2019-tutti-gli-highlights#breadcrumb\",\"itemListElement\":[{\"@type\":\"ListItem\",\"position\":1,\"name\":\"Home\",\"item\":\"https:\/\/robertcutty.com\/it\"},{\"@type\":\"ListItem\",\"position\":2,\"name\":\"Fuorisalone 2019: tutti gli highlights\"}]},{\"@type\":\"WebSite\",\"@id\":\"https:\/\/robertcutty.com\/#website\",\"url\":\"https:\/\/robertcutty.com\/\",\"name\":\"Robert Cutty\",\"description\":\"Agenzia di comunicazione ed organizzazione eventi per adulti e bambini\",\"potentialAction\":[{\"@type\":\"SearchAction\",\"target\":{\"@type\":\"EntryPoint\",\"urlTemplate\":\"https:\/\/robertcutty.com\/?s={search_term_string}\"},\"query-input\":{\"@type\":\"PropertyValueSpecification\",\"valueRequired\":true,\"valueName\":\"search_term_string\"}}],\"inLanguage\":\"it-IT\"},{\"@type\":\"Person\",\"@id\":\"https:\/\/robertcutty.com\/#\/schema\/person\/42b79bd8ffd9121ef7a5affcd691f634\",\"name\":\"Giulia Tassoni\",\"image\":{\"@type\":\"ImageObject\",\"inLanguage\":\"it-IT\",\"@id\":\"https:\/\/robertcutty.com\/#\/schema\/person\/image\/\",\"url\":\"https:\/\/secure.gravatar.com\/avatar\/9da91c415b3378fe0a6662b269d676a911e6691d680c7789875b6495ef0e014b?s=96&d=mm&r=g\",\"contentUrl\":\"https:\/\/secure.gravatar.com\/avatar\/9da91c415b3378fe0a6662b269d676a911e6691d680c7789875b6495ef0e014b?s=96&d=mm&r=g\",\"caption\":\"Giulia Tassoni\"},\"url\":\"https:\/\/robertcutty.com\/it\/author\/giulia-tassoni\"}]}<\/script>\n<!-- \/ Yoast SEO plugin. -->","yoast_head_json":{"title":"Fuorisalone 2019: tutti gli highlights della scorsa edizione - Robert Cutty","description":"Una compilation delle tre migliori opere presentate durante edizione del Fuorisalone 2019 di Milano, principale evento di design in Italia.","robots":{"index":"index","follow":"follow","max-snippet":"max-snippet:-1","max-image-preview":"max-image-preview:large","max-video-preview":"max-video-preview:-1"},"canonical":"https:\/\/robertcutty.com\/fuorisalone-2019-tutti-gli-highlights","og_locale":"it_IT","og_type":"article","og_title":"Fuorisalone 2019: tutti gli highlights della scorsa edizione - Robert Cutty","og_description":"Una compilation delle tre migliori opere presentate durante edizione del Fuorisalone 2019 di Milano, principale evento di design in Italia.","og_url":"https:\/\/robertcutty.com\/fuorisalone-2019-tutti-gli-highlights","og_site_name":"Robert Cutty","article_published_time":"2020-04-24T07:34:00+00:00","article_modified_time":"2020-04-24T07:36:27+00:00","og_image":[{"width":720,"height":479,"url":"https:\/\/robertcutty.com\/wp-content\/uploads\/2019\/05\/alessandra-roveda-fuorisalone-e1587713751537.jpg","type":"image\/jpeg"}],"author":"Giulia Tassoni","twitter_card":"summary_large_image","twitter_misc":{"Scritto da":"Giulia Tassoni","Tempo di lettura stimato":"3 minuti"},"schema":{"@context":"https:\/\/schema.org","@graph":[{"@type":"Article","@id":"https:\/\/robertcutty.com\/fuorisalone-2019-tutti-gli-highlights#article","isPartOf":{"@id":"https:\/\/robertcutty.com\/fuorisalone-2019-tutti-gli-highlights"},"author":{"name":"Giulia Tassoni","@id":"https:\/\/robertcutty.com\/#\/schema\/person\/42b79bd8ffd9121ef7a5affcd691f634"},"headline":"Fuorisalone 2019: tutti gli highlights","datePublished":"2020-04-24T07:34:00+00:00","dateModified":"2020-04-24T07:36:27+00:00","mainEntityOfPage":{"@id":"https:\/\/robertcutty.com\/fuorisalone-2019-tutti-gli-highlights"},"wordCount":551,"commentCount":0,"image":{"@id":"https:\/\/robertcutty.com\/fuorisalone-2019-tutti-gli-highlights#primaryimage"},"thumbnailUrl":"https:\/\/robertcutty.com\/wp-content\/uploads\/2019\/05\/alessandra-roveda-fuorisalone-e1587713751537.jpg","articleSection":["Non categorizzato"],"inLanguage":"it-IT","potentialAction":[{"@type":"CommentAction","name":"Comment","target":["https:\/\/robertcutty.com\/fuorisalone-2019-tutti-gli-highlights#respond"]}]},{"@type":"WebPage","@id":"https:\/\/robertcutty.com\/fuorisalone-2019-tutti-gli-highlights","url":"https:\/\/robertcutty.com\/fuorisalone-2019-tutti-gli-highlights","name":"Fuorisalone 2019: tutti gli highlights della scorsa edizione - Robert Cutty","isPartOf":{"@id":"https:\/\/robertcutty.com\/#website"},"primaryImageOfPage":{"@id":"https:\/\/robertcutty.com\/fuorisalone-2019-tutti-gli-highlights#primaryimage"},"image":{"@id":"https:\/\/robertcutty.com\/fuorisalone-2019-tutti-gli-highlights#primaryimage"},"thumbnailUrl":"https:\/\/robertcutty.com\/wp-content\/uploads\/2019\/05\/alessandra-roveda-fuorisalone-e1587713751537.jpg","datePublished":"2020-04-24T07:34:00+00:00","dateModified":"2020-04-24T07:36:27+00:00","author":{"@id":"https:\/\/robertcutty.com\/#\/schema\/person\/42b79bd8ffd9121ef7a5affcd691f634"},"description":"Una compilation delle tre migliori opere presentate durante edizione del Fuorisalone 2019 di Milano, principale evento di design in Italia.","breadcrumb":{"@id":"https:\/\/robertcutty.com\/fuorisalone-2019-tutti-gli-highlights#breadcrumb"},"inLanguage":"it-IT","potentialAction":[{"@type":"ReadAction","target":["https:\/\/robertcutty.com\/fuorisalone-2019-tutti-gli-highlights"]}]},{"@type":"ImageObject","inLanguage":"it-IT","@id":"https:\/\/robertcutty.com\/fuorisalone-2019-tutti-gli-highlights#primaryimage","url":"https:\/\/robertcutty.com\/wp-content\/uploads\/2019\/05\/alessandra-roveda-fuorisalone-e1587713751537.jpg","contentUrl":"https:\/\/robertcutty.com\/wp-content\/uploads\/2019\/05\/alessandra-roveda-fuorisalone-e1587713751537.jpg","width":720,"height":479,"caption":"Letto Missoni Fuorisalone 2019"},{"@type":"BreadcrumbList","@id":"https:\/\/robertcutty.com\/fuorisalone-2019-tutti-gli-highlights#breadcrumb","itemListElement":[{"@type":"ListItem","position":1,"name":"Home","item":"https:\/\/robertcutty.com\/it"},{"@type":"ListItem","position":2,"name":"Fuorisalone 2019: tutti gli highlights"}]},{"@type":"WebSite","@id":"https:\/\/robertcutty.com\/#website","url":"https:\/\/robertcutty.com\/","name":"Robert Cutty","description":"Agenzia di comunicazione ed organizzazione eventi per adulti e bambini","potentialAction":[{"@type":"SearchAction","target":{"@type":"EntryPoint","urlTemplate":"https:\/\/robertcutty.com\/?s={search_term_string}"},"query-input":{"@type":"PropertyValueSpecification","valueRequired":true,"valueName":"search_term_string"}}],"inLanguage":"it-IT"},{"@type":"Person","@id":"https:\/\/robertcutty.com\/#\/schema\/person\/42b79bd8ffd9121ef7a5affcd691f634","name":"Giulia Tassoni","image":{"@type":"ImageObject","inLanguage":"it-IT","@id":"https:\/\/robertcutty.com\/#\/schema\/person\/image\/","url":"https:\/\/secure.gravatar.com\/avatar\/9da91c415b3378fe0a6662b269d676a911e6691d680c7789875b6495ef0e014b?s=96&d=mm&r=g","contentUrl":"https:\/\/secure.gravatar.com\/avatar\/9da91c415b3378fe0a6662b269d676a911e6691d680c7789875b6495ef0e014b?s=96&d=mm&r=g","caption":"Giulia Tassoni"},"url":"https:\/\/robertcutty.com\/it\/author\/giulia-tassoni"}]}},"_links":{"self":[{"href":"https:\/\/robertcutty.com\/it\/wp-json\/wp\/v2\/posts\/20475","targetHints":{"allow":["GET"]}}],"collection":[{"href":"https:\/\/robertcutty.com\/it\/wp-json\/wp\/v2\/posts"}],"about":[{"href":"https:\/\/robertcutty.com\/it\/wp-json\/wp\/v2\/types\/post"}],"author":[{"embeddable":true,"href":"https:\/\/robertcutty.com\/it\/wp-json\/wp\/v2\/users\/3"}],"replies":[{"embeddable":true,"href":"https:\/\/robertcutty.com\/it\/wp-json\/wp\/v2\/comments?post=20475"}],"version-history":[{"count":6,"href":"https:\/\/robertcutty.com\/it\/wp-json\/wp\/v2\/posts\/20475\/revisions"}],"predecessor-version":[{"id":20487,"href":"https:\/\/robertcutty.com\/it\/wp-json\/wp\/v2\/posts\/20475\/revisions\/20487"}],"wp:featuredmedia":[{"embeddable":true,"href":"https:\/\/robertcutty.com\/it\/wp-json\/wp\/v2\/media\/17578"}],"wp:attachment":[{"href":"https:\/\/robertcutty.com\/it\/wp-json\/wp\/v2\/media?parent=20475"}],"wp:term":[{"taxonomy":"category","embeddable":true,"href":"https:\/\/robertcutty.com\/it\/wp-json\/wp\/v2\/categories?post=20475"},{"taxonomy":"post_tag","embeddable":true,"href":"https:\/\/robertcutty.com\/it\/wp-json\/wp\/v2\/tags?post=20475"}],"curies":[{"name":"wp","href":"https:\/\/api.w.org\/{rel}","templated":true}]}}