{"id":19260,"date":"2019-09-27T08:01:39","date_gmt":"2019-09-27T08:01:39","guid":{"rendered":"https:\/\/robertcutty.com\/?p=19260"},"modified":"2019-09-27T08:01:39","modified_gmt":"2019-09-27T08:01:39","slug":"milano-calciocity-2019","status":"publish","type":"post","link":"https:\/\/robertcutty.com\/it\/milano-calciocity-2019","title":{"rendered":"Milano CalcioCity 2019, \u00e8 ora di scendere in campo"},"content":{"rendered":"<p class=\"p1\">Milano \u00e8 inarrestabile, dinamica, iperattiva. Non importa se ci sono 35 gradi o se sta grandinando, se \u00e8 domenica mattina o luned\u00ec notte, da qualche parte ci saranno sempre degli eventi in corso<i>.<\/i><\/p>\n<p class=\"p1\">Dopo un\u2019intensa settimana di <strong>Fashion Week<\/strong>, passata tra sfilate pazzesche e strade intasate, \u00e8 gi\u00e0 arrivato il momento di tuffarsi di testa in una nuova avventura. Tifosi accaniti e fanatici del calcetto, tenetevi pronti: la seconda edizione di <strong>Milano CalcioCity<\/strong> \u00e8 ufficialmente iniziata.<\/p>\n<p>&nbsp;<\/p>\n<h3>Milano CalcioCity, qualche info<\/h3>\n<div id=\"attachment_19273\" style=\"width: 344px\" class=\"wp-caption alignleft\"><img fetchpriority=\"high\" decoding=\"async\" aria-describedby=\"caption-attachment-19273\" class=\"wp-image-19273\" src=\"https:\/\/robertcutty.com\/wp-content\/uploads\/2019\/09\/a-300x165.jpg\" alt=\"Locandina Milano Calcio City 2019\" width=\"334\" height=\"184\" srcset=\"https:\/\/robertcutty.com\/wp-content\/uploads\/2019\/09\/a-300x165.jpg 300w, https:\/\/robertcutty.com\/wp-content\/uploads\/2019\/09\/a.jpg 620w\" sizes=\"(max-width: 334px) 100vw, 334px\" \/><p id=\"caption-attachment-19273\" class=\"wp-caption-text\">Picture by \u00a9 Milano Calcio City<\/p><\/div>\n<p>Potrebbe sembrare un sogno, ma non \u00e8 altro che pura realt\u00e0. <strong>Da venerd\u00ec 27 a luned\u00ec 30 settembre<\/strong>, con una presentazione in <strong>anteprima gioved\u00ec 26<\/strong>, <a href=\"https:\/\/www.milanocalciocity.it\">MiCC<\/a> ospita pi\u00f9 di <strong>150 eventi<\/strong> legati al mondo del calcio, con la partecipazione di <strong>ospiti d&#8217;eccezione<\/strong> come Massimiliano <strong>Allegri<\/strong> e Javier <strong>Zanetti<\/strong>.<\/p>\n<p>Dagli spettacoli teatrali alle rassegne stampa, dai tornei di calcetto fino agli incontri per lo scambio di figurine, le iniziative promosse durante queste quattro giornate dedicate al calcio sono veramente tantissime.<br \/>\nMa ce n&#8217;\u00e8 una che ha attirato la nostra attenzione pi\u00f9 delle altre.<\/p>\n<p>&nbsp;<\/p>\n<h3>Milano Fashion Library X MiCC<\/h3>\n<div id=\"attachment_19275\" style=\"width: 298px\" class=\"wp-caption alignright\"><img decoding=\"async\" aria-describedby=\"caption-attachment-19275\" class=\"wp-image-19275\" src=\"https:\/\/robertcutty.com\/wp-content\/uploads\/2019\/09\/2-1-300x200.jpg\" alt=\"Milano Fashion Library interior design\" width=\"288\" height=\"192\" srcset=\"https:\/\/robertcutty.com\/wp-content\/uploads\/2019\/09\/2-1-300x200.jpg 300w, https:\/\/robertcutty.com\/wp-content\/uploads\/2019\/09\/2-1-768x513.jpg 768w, https:\/\/robertcutty.com\/wp-content\/uploads\/2019\/09\/2-1.jpg 800w, https:\/\/robertcutty.com\/wp-content\/uploads\/2019\/09\/2-1-700x467.jpg 700w\" sizes=\"(max-width: 288px) 100vw, 288px\" \/><p id=\"caption-attachment-19275\" class=\"wp-caption-text\">Picture by \u00a9 Milano Fashion Library<\/p><\/div>\n<p>Location mozzafiato, in uno dei quartieri storici del capoluogo Lombardo, la <strong><a href=\"https:\/\/www.milanofashionlibrary.it\">Milano Fashion Library<\/a><\/strong> \u00e8 il palcoscenico della <strong>mostra fotografica &#8220;<a href=\"https:\/\/www.milanocalciocity.it\/events\/mostra-fotografica-unexpected-hooligans\/\">Unexpected Hoolinags<\/a>&#8220;<\/strong> &#8211; un&#8217;esposizione di scatti che ritraggono la vita sulle tribune degli stadi pi\u00f9 famosi al mondo.<br \/>\nMa non \u00e8 tutto.<br \/>\nChe evento sul calcio sarebbe, senza una partita a <strong>Fifa<\/strong> o a <strong>Pes<\/strong>? Fino alle 18 di stasera, all&#8217;interno della struttura, potete trovare un vero e proprio <strong><a href=\"https:\/\/www.milanocalciocity.it\/events\/gaming-corner-in-collaborazione-con-la-federazione-italiana-e-sports\/\">gaming corner<\/a><\/strong>, a vostra disposizione per sfidare tutti i vostri amici.<\/p>\n<p>Situata in <strong>via Alessandria 8<\/strong>, tra la Darsena e Porta Genova, la Milano Fashion Library non \u00e8 solamente una libreria specializzata in moda. Il suo incredibile spazio di 650 mq infatti \u00e8 anche la casa perfetta per tantissimi eventi, cocktail party e workshop.<br \/>\nCiliegina sulla torta \u00e8 la presenza di una piccola sala cinema, perfetta per la proiezione di film e cortometraggi.<br \/>\nUn luogo imperdibile insomma, sia per tutte le iniziative che ospita, che per il suo design di interni unico nel suo genere.<\/p>\n<p>Vi siete gi\u00e0 segnati tutti gli appuntamenti in agenda?<\/p>\n","protected":false},"excerpt":{"rendered":"<p>Milano \u00e8 inarrestabile, dinamica, iperattiva. Non importa se ci sono 35 gradi o se sta grandinando, se \u00e8 domenica mattina o luned\u00ec notte, da qualche parte ci saranno sempre degli eventi in corso. Dopo un\u2019intensa settimana di Fashion Week, passata tra sfilate pazzesche e strade&#8230;<\/p>\n","protected":false},"author":3,"featured_media":19276,"comment_status":"open","ping_status":"open","sticky":false,"template":"","format":"standard","meta":{"iawp_total_views":1,"footnotes":""},"categories":[1],"tags":[],"class_list":["post-19260","post","type-post","status-publish","format-standard","has-post-thumbnail","hentry","category-non-categorizzato"],"yoast_head":"<!-- This site is optimized with the Yoast SEO plugin v27.0 - https:\/\/yoast.com\/product\/yoast-seo-wordpress\/ -->\n<title>Milano CalcioCity 2019, \u00e8 ora di scendere in campo - Robert Cutty<\/title>\n<meta name=\"description\" content=\"Dal 27 al 30 settembre Milano \u00e8 il palcoscenico della seconda edizione di Milano CalcioCity, quattro giornate completamente dedicate all&#039;universo del calcio\" \/>\n<meta name=\"robots\" content=\"index, follow, max-snippet:-1, max-image-preview:large, max-video-preview:-1\" \/>\n<link rel=\"canonical\" href=\"https:\/\/robertcutty.com\/milano-calciocity-2019\" \/>\n<meta property=\"og:locale\" content=\"it_IT\" \/>\n<meta property=\"og:type\" content=\"article\" \/>\n<meta property=\"og:title\" content=\"Milano CalcioCity 2019, \u00e8 ora di scendere in campo - Robert Cutty\" \/>\n<meta property=\"og:description\" content=\"Dal 27 al 30 settembre Milano \u00e8 il palcoscenico della seconda edizione di Milano CalcioCity, quattro giornate completamente dedicate all&#039;universo del calcio\" \/>\n<meta property=\"og:url\" content=\"https:\/\/robertcutty.com\/milano-calciocity-2019\" \/>\n<meta property=\"og:site_name\" content=\"Robert Cutty\" \/>\n<meta property=\"article:published_time\" content=\"2019-09-27T08:01:39+00:00\" \/>\n<meta property=\"og:image\" content=\"https:\/\/robertcutty.com\/wp-content\/uploads\/2019\/09\/Senza-titolo-1.jpg\" \/>\n\t<meta property=\"og:image:width\" content=\"1280\" \/>\n\t<meta property=\"og:image:height\" content=\"833\" \/>\n\t<meta property=\"og:image:type\" content=\"image\/jpeg\" \/>\n<meta name=\"author\" content=\"Giulia Tassoni\" \/>\n<meta name=\"twitter:card\" content=\"summary_large_image\" \/>\n<meta name=\"twitter:label1\" content=\"Scritto da\" \/>\n\t<meta name=\"twitter:data1\" content=\"Giulia Tassoni\" \/>\n\t<meta name=\"twitter:label2\" content=\"Tempo di lettura stimato\" \/>\n\t<meta name=\"twitter:data2\" content=\"2 minuti\" \/>\n<script type=\"application\/ld+json\" class=\"yoast-schema-graph\">{\"@context\":\"https:\/\/schema.org\",\"@graph\":[{\"@type\":\"Article\",\"@id\":\"https:\/\/robertcutty.com\/milano-calciocity-2019#article\",\"isPartOf\":{\"@id\":\"https:\/\/robertcutty.com\/milano-calciocity-2019\"},\"author\":{\"name\":\"Giulia Tassoni\",\"@id\":\"https:\/\/robertcutty.com\/#\/schema\/person\/42b79bd8ffd9121ef7a5affcd691f634\"},\"headline\":\"Milano CalcioCity 2019, \u00e8 ora di scendere in campo\",\"datePublished\":\"2019-09-27T08:01:39+00:00\",\"mainEntityOfPage\":{\"@id\":\"https:\/\/robertcutty.com\/milano-calciocity-2019\"},\"wordCount\":369,\"commentCount\":0,\"image\":{\"@id\":\"https:\/\/robertcutty.com\/milano-calciocity-2019#primaryimage\"},\"thumbnailUrl\":\"https:\/\/robertcutty.com\/wp-content\/uploads\/2019\/09\/Senza-titolo-1.jpg\",\"articleSection\":[\"Non categorizzato\"],\"inLanguage\":\"it-IT\",\"potentialAction\":[{\"@type\":\"CommentAction\",\"name\":\"Comment\",\"target\":[\"https:\/\/robertcutty.com\/milano-calciocity-2019#respond\"]}]},{\"@type\":\"WebPage\",\"@id\":\"https:\/\/robertcutty.com\/milano-calciocity-2019\",\"url\":\"https:\/\/robertcutty.com\/milano-calciocity-2019\",\"name\":\"Milano CalcioCity 2019, \u00e8 ora di scendere in campo - Robert Cutty\",\"isPartOf\":{\"@id\":\"https:\/\/robertcutty.com\/#website\"},\"primaryImageOfPage\":{\"@id\":\"https:\/\/robertcutty.com\/milano-calciocity-2019#primaryimage\"},\"image\":{\"@id\":\"https:\/\/robertcutty.com\/milano-calciocity-2019#primaryimage\"},\"thumbnailUrl\":\"https:\/\/robertcutty.com\/wp-content\/uploads\/2019\/09\/Senza-titolo-1.jpg\",\"datePublished\":\"2019-09-27T08:01:39+00:00\",\"author\":{\"@id\":\"https:\/\/robertcutty.com\/#\/schema\/person\/42b79bd8ffd9121ef7a5affcd691f634\"},\"description\":\"Dal 27 al 30 settembre Milano \u00e8 il palcoscenico della seconda edizione di Milano CalcioCity, quattro giornate completamente dedicate all'universo del calcio\",\"breadcrumb\":{\"@id\":\"https:\/\/robertcutty.com\/milano-calciocity-2019#breadcrumb\"},\"inLanguage\":\"it-IT\",\"potentialAction\":[{\"@type\":\"ReadAction\",\"target\":[\"https:\/\/robertcutty.com\/milano-calciocity-2019\"]}]},{\"@type\":\"ImageObject\",\"inLanguage\":\"it-IT\",\"@id\":\"https:\/\/robertcutty.com\/milano-calciocity-2019#primaryimage\",\"url\":\"https:\/\/robertcutty.com\/wp-content\/uploads\/2019\/09\/Senza-titolo-1.jpg\",\"contentUrl\":\"https:\/\/robertcutty.com\/wp-content\/uploads\/2019\/09\/Senza-titolo-1.jpg\",\"width\":1280,\"height\":833,\"caption\":\"Picture by \u00a9 Milano Calcio City\"},{\"@type\":\"BreadcrumbList\",\"@id\":\"https:\/\/robertcutty.com\/milano-calciocity-2019#breadcrumb\",\"itemListElement\":[{\"@type\":\"ListItem\",\"position\":1,\"name\":\"Home\",\"item\":\"https:\/\/robertcutty.com\/it\"},{\"@type\":\"ListItem\",\"position\":2,\"name\":\"Milano CalcioCity 2019, \u00e8 ora di scendere in campo\"}]},{\"@type\":\"WebSite\",\"@id\":\"https:\/\/robertcutty.com\/#website\",\"url\":\"https:\/\/robertcutty.com\/\",\"name\":\"Robert Cutty\",\"description\":\"Agenzia di comunicazione ed organizzazione eventi per adulti e bambini\",\"potentialAction\":[{\"@type\":\"SearchAction\",\"target\":{\"@type\":\"EntryPoint\",\"urlTemplate\":\"https:\/\/robertcutty.com\/?s={search_term_string}\"},\"query-input\":{\"@type\":\"PropertyValueSpecification\",\"valueRequired\":true,\"valueName\":\"search_term_string\"}}],\"inLanguage\":\"it-IT\"},{\"@type\":\"Person\",\"@id\":\"https:\/\/robertcutty.com\/#\/schema\/person\/42b79bd8ffd9121ef7a5affcd691f634\",\"name\":\"Giulia Tassoni\",\"image\":{\"@type\":\"ImageObject\",\"inLanguage\":\"it-IT\",\"@id\":\"https:\/\/robertcutty.com\/#\/schema\/person\/image\/\",\"url\":\"https:\/\/secure.gravatar.com\/avatar\/9da91c415b3378fe0a6662b269d676a911e6691d680c7789875b6495ef0e014b?s=96&d=mm&r=g\",\"contentUrl\":\"https:\/\/secure.gravatar.com\/avatar\/9da91c415b3378fe0a6662b269d676a911e6691d680c7789875b6495ef0e014b?s=96&d=mm&r=g\",\"caption\":\"Giulia Tassoni\"},\"url\":\"https:\/\/robertcutty.com\/it\/author\/giulia-tassoni\"}]}<\/script>\n<!-- \/ Yoast SEO plugin. -->","yoast_head_json":{"title":"Milano CalcioCity 2019, \u00e8 ora di scendere in campo - Robert Cutty","description":"Dal 27 al 30 settembre Milano \u00e8 il palcoscenico della seconda edizione di Milano CalcioCity, quattro giornate completamente dedicate all'universo del calcio","robots":{"index":"index","follow":"follow","max-snippet":"max-snippet:-1","max-image-preview":"max-image-preview:large","max-video-preview":"max-video-preview:-1"},"canonical":"https:\/\/robertcutty.com\/milano-calciocity-2019","og_locale":"it_IT","og_type":"article","og_title":"Milano CalcioCity 2019, \u00e8 ora di scendere in campo - Robert Cutty","og_description":"Dal 27 al 30 settembre Milano \u00e8 il palcoscenico della seconda edizione di Milano CalcioCity, quattro giornate completamente dedicate all'universo del calcio","og_url":"https:\/\/robertcutty.com\/milano-calciocity-2019","og_site_name":"Robert Cutty","article_published_time":"2019-09-27T08:01:39+00:00","og_image":[{"width":1280,"height":833,"url":"https:\/\/robertcutty.com\/wp-content\/uploads\/2019\/09\/Senza-titolo-1.jpg","type":"image\/jpeg"}],"author":"Giulia Tassoni","twitter_card":"summary_large_image","twitter_misc":{"Scritto da":"Giulia Tassoni","Tempo di lettura stimato":"2 minuti"},"schema":{"@context":"https:\/\/schema.org","@graph":[{"@type":"Article","@id":"https:\/\/robertcutty.com\/milano-calciocity-2019#article","isPartOf":{"@id":"https:\/\/robertcutty.com\/milano-calciocity-2019"},"author":{"name":"Giulia Tassoni","@id":"https:\/\/robertcutty.com\/#\/schema\/person\/42b79bd8ffd9121ef7a5affcd691f634"},"headline":"Milano CalcioCity 2019, \u00e8 ora di scendere in campo","datePublished":"2019-09-27T08:01:39+00:00","mainEntityOfPage":{"@id":"https:\/\/robertcutty.com\/milano-calciocity-2019"},"wordCount":369,"commentCount":0,"image":{"@id":"https:\/\/robertcutty.com\/milano-calciocity-2019#primaryimage"},"thumbnailUrl":"https:\/\/robertcutty.com\/wp-content\/uploads\/2019\/09\/Senza-titolo-1.jpg","articleSection":["Non categorizzato"],"inLanguage":"it-IT","potentialAction":[{"@type":"CommentAction","name":"Comment","target":["https:\/\/robertcutty.com\/milano-calciocity-2019#respond"]}]},{"@type":"WebPage","@id":"https:\/\/robertcutty.com\/milano-calciocity-2019","url":"https:\/\/robertcutty.com\/milano-calciocity-2019","name":"Milano CalcioCity 2019, \u00e8 ora di scendere in campo - Robert Cutty","isPartOf":{"@id":"https:\/\/robertcutty.com\/#website"},"primaryImageOfPage":{"@id":"https:\/\/robertcutty.com\/milano-calciocity-2019#primaryimage"},"image":{"@id":"https:\/\/robertcutty.com\/milano-calciocity-2019#primaryimage"},"thumbnailUrl":"https:\/\/robertcutty.com\/wp-content\/uploads\/2019\/09\/Senza-titolo-1.jpg","datePublished":"2019-09-27T08:01:39+00:00","author":{"@id":"https:\/\/robertcutty.com\/#\/schema\/person\/42b79bd8ffd9121ef7a5affcd691f634"},"description":"Dal 27 al 30 settembre Milano \u00e8 il palcoscenico della seconda edizione di Milano CalcioCity, quattro giornate completamente dedicate all'universo del calcio","breadcrumb":{"@id":"https:\/\/robertcutty.com\/milano-calciocity-2019#breadcrumb"},"inLanguage":"it-IT","potentialAction":[{"@type":"ReadAction","target":["https:\/\/robertcutty.com\/milano-calciocity-2019"]}]},{"@type":"ImageObject","inLanguage":"it-IT","@id":"https:\/\/robertcutty.com\/milano-calciocity-2019#primaryimage","url":"https:\/\/robertcutty.com\/wp-content\/uploads\/2019\/09\/Senza-titolo-1.jpg","contentUrl":"https:\/\/robertcutty.com\/wp-content\/uploads\/2019\/09\/Senza-titolo-1.jpg","width":1280,"height":833,"caption":"Picture by \u00a9 Milano Calcio City"},{"@type":"BreadcrumbList","@id":"https:\/\/robertcutty.com\/milano-calciocity-2019#breadcrumb","itemListElement":[{"@type":"ListItem","position":1,"name":"Home","item":"https:\/\/robertcutty.com\/it"},{"@type":"ListItem","position":2,"name":"Milano CalcioCity 2019, \u00e8 ora di scendere in campo"}]},{"@type":"WebSite","@id":"https:\/\/robertcutty.com\/#website","url":"https:\/\/robertcutty.com\/","name":"Robert Cutty","description":"Agenzia di comunicazione ed organizzazione eventi per adulti e bambini","potentialAction":[{"@type":"SearchAction","target":{"@type":"EntryPoint","urlTemplate":"https:\/\/robertcutty.com\/?s={search_term_string}"},"query-input":{"@type":"PropertyValueSpecification","valueRequired":true,"valueName":"search_term_string"}}],"inLanguage":"it-IT"},{"@type":"Person","@id":"https:\/\/robertcutty.com\/#\/schema\/person\/42b79bd8ffd9121ef7a5affcd691f634","name":"Giulia Tassoni","image":{"@type":"ImageObject","inLanguage":"it-IT","@id":"https:\/\/robertcutty.com\/#\/schema\/person\/image\/","url":"https:\/\/secure.gravatar.com\/avatar\/9da91c415b3378fe0a6662b269d676a911e6691d680c7789875b6495ef0e014b?s=96&d=mm&r=g","contentUrl":"https:\/\/secure.gravatar.com\/avatar\/9da91c415b3378fe0a6662b269d676a911e6691d680c7789875b6495ef0e014b?s=96&d=mm&r=g","caption":"Giulia Tassoni"},"url":"https:\/\/robertcutty.com\/it\/author\/giulia-tassoni"}]}},"_links":{"self":[{"href":"https:\/\/robertcutty.com\/it\/wp-json\/wp\/v2\/posts\/19260","targetHints":{"allow":["GET"]}}],"collection":[{"href":"https:\/\/robertcutty.com\/it\/wp-json\/wp\/v2\/posts"}],"about":[{"href":"https:\/\/robertcutty.com\/it\/wp-json\/wp\/v2\/types\/post"}],"author":[{"embeddable":true,"href":"https:\/\/robertcutty.com\/it\/wp-json\/wp\/v2\/users\/3"}],"replies":[{"embeddable":true,"href":"https:\/\/robertcutty.com\/it\/wp-json\/wp\/v2\/comments?post=19260"}],"version-history":[{"count":12,"href":"https:\/\/robertcutty.com\/it\/wp-json\/wp\/v2\/posts\/19260\/revisions"}],"predecessor-version":[{"id":19282,"href":"https:\/\/robertcutty.com\/it\/wp-json\/wp\/v2\/posts\/19260\/revisions\/19282"}],"wp:featuredmedia":[{"embeddable":true,"href":"https:\/\/robertcutty.com\/it\/wp-json\/wp\/v2\/media\/19276"}],"wp:attachment":[{"href":"https:\/\/robertcutty.com\/it\/wp-json\/wp\/v2\/media?parent=19260"}],"wp:term":[{"taxonomy":"category","embeddable":true,"href":"https:\/\/robertcutty.com\/it\/wp-json\/wp\/v2\/categories?post=19260"},{"taxonomy":"post_tag","embeddable":true,"href":"https:\/\/robertcutty.com\/it\/wp-json\/wp\/v2\/tags?post=19260"}],"curies":[{"name":"wp","href":"https:\/\/api.w.org\/{rel}","templated":true}]}}