{"id":17552,"date":"2019-05-03T15:06:20","date_gmt":"2019-05-03T15:06:20","guid":{"rendered":"https:\/\/robertcutty.com\/?p=17552"},"modified":"2019-07-08T14:47:54","modified_gmt":"2019-07-08T14:47:54","slug":"fuorisalone-2019-cosa-ci-e-rimasto-e-cosa-rimane-ancora-da-vedere","status":"publish","type":"post","link":"https:\/\/robertcutty.com\/it\/fuorisalone-2019-cosa-ci-e-rimasto-e-cosa-rimane-ancora-da-vedere","title":{"rendered":"Fuorisalone 2019: cosa ci \u00e8 rimasto e cosa rimane ancora da vedere"},"content":{"rendered":"<p class=\"p1\"><span class=\"s1\">Anche quest&#8217;anno si \u00e8 ormai concluso il <b>Fuorisalone 2019.<\/b><\/span><\/p>\n<p class=\"p1\"><span class=\"s1\">Tempo di tirar le somme, dunque! <\/span><\/p>\n<p class=\"p1\"><span class=\"s1\">Anche per questa edizione possiamo dire di aver visto dei lavori e delle installazioni davvero carine ed originali. Abbiamo pensato di fare un giro nelle zone pi\u00f9 importanti di Milano raccontandovi ci\u00f2 che abbiamo visto e ci\u00f2 che rimarr\u00e0 disponibile ancora per un po\u2019!<\/span><\/p>\n<p>&nbsp;<\/p>\n<h2 class=\"p1\"><span class=\"s1\">Il Tortona Design District e i colori di Gaetano Pesce<\/span><\/h2>\n<p>&nbsp;<\/p>\n<div id=\"attachment_17580\" style=\"width: 342px\" class=\"wp-caption alignleft\"><img fetchpriority=\"high\" decoding=\"async\" aria-describedby=\"caption-attachment-17580\" class=\"wp-image-17580\" src=\"https:\/\/robertcutty.com\/wp-content\/uploads\/2019\/05\/Gaetano-Pesce-Fuorisalone-2019.jpg\" alt=\"gaetano pesce fuorisalone\" width=\"332\" height=\"415\" srcset=\"https:\/\/robertcutty.com\/wp-content\/uploads\/2019\/05\/Gaetano-Pesce-Fuorisalone-2019.jpg 720w, https:\/\/robertcutty.com\/wp-content\/uploads\/2019\/05\/Gaetano-Pesce-Fuorisalone-2019-240x300.jpg 240w, https:\/\/robertcutty.com\/wp-content\/uploads\/2019\/05\/Gaetano-Pesce-Fuorisalone-2019-700x875.jpg 700w\" sizes=\"(max-width: 332px) 100vw, 332px\" \/><p id=\"caption-attachment-17580\" class=\"wp-caption-text\">Gaetano Pesce: artefatti in resina.<\/p><\/div>\n<p class=\"p1\"><span class=\"s1\"><strong>Gaetano Pesce<\/strong>, l\u2019artista della <strong>Maest\u00e0 Sofferente<\/strong>, la gigantesca poltrona trafitta da una miriade di frecce che era presente in Piazza Duomo, ha c<\/span><span class=\"s1\">reato per <strong>Corsi Design<\/strong> numerose opere ricoperte di fogli di resina.\u00a0<\/span><\/p>\n<p class=\"p1\"><span class=\"s1\">Nell\u2019<strong>Opificio 31<\/strong>, coppe, lampade e sedie ci hanno cos\u00ec accolto avvolte in un tripudio di colori e forme singolari. <\/span><\/p>\n<p class=\"p1\"><span class=\"s1\">Negli artefatti pensati da Pesce si evincono bene le sue idee di femminilit\u00e0 e dell\u2019&#8221;umanit\u00e0 di difetto&#8221;, che hanno portato alla creazione di forme sensuali ma al tempo stesso non-lineari e fuori dagli schemi classici e rigidi.<\/span><\/p>\n<p>&nbsp;<\/p>\n<h2><\/h2>\n<h2><\/h2>\n<p>&nbsp;<\/p>\n<p>&nbsp;<\/p>\n<p>&nbsp;<\/p>\n<p>&nbsp;<\/p>\n<p>&nbsp;<\/p>\n<h2 class=\"p1\"><span class=\"s1\">Le 5Vie e l\u2019incontro con l\u2019esotismo orientale moderno\u00a0<\/span><\/h2>\n<p>&nbsp;<\/p>\n<div id=\"attachment_17581\" style=\"width: 325px\" class=\"wp-caption alignright\"><img decoding=\"async\" aria-describedby=\"caption-attachment-17581\" class=\"wp-image-17581\" src=\"https:\/\/robertcutty.com\/wp-content\/uploads\/2019\/05\/jaipur-rugs-fuorisalone.jpg\" alt=\"tappeti indiani \" width=\"315\" height=\"394\" srcset=\"https:\/\/robertcutty.com\/wp-content\/uploads\/2019\/05\/jaipur-rugs-fuorisalone.jpg 720w, https:\/\/robertcutty.com\/wp-content\/uploads\/2019\/05\/jaipur-rugs-fuorisalone-240x300.jpg 240w, https:\/\/robertcutty.com\/wp-content\/uploads\/2019\/05\/jaipur-rugs-fuorisalone-700x875.jpg 700w\" sizes=\"(max-width: 315px) 100vw, 315px\" \/><p id=\"caption-attachment-17581\" class=\"wp-caption-text\">Jaipur Rugs: Wunderkammer.<\/p><\/div>\n<p class=\"p1\"><span class=\"s1\">Procedendo nel nostro giro siamo finiti nel distretto <strong>5Vie<\/strong>, da sempre il cuore pi\u00f9 intimo di Milano. Il<strong> Palazzo Litta<\/strong> e <strong>Via Cesare Correnti 14<\/strong> ci hanno infatti affascinato con il l<\/span><span class=\"s1\">oro esotismo lontano e genuino.<\/span><\/p>\n<p class=\"p1\"><span class=\"s1\">Proprio Palazzo Litta \u00e8 stato oggetto della collaborazione di <strong>Matteo Cibic<\/strong> e <strong>Jaipur Rugs<\/strong> con la loro <strong>Wunderkammer<\/strong> (la camera delle meraviglie), \u00a0collezione ispirata dal viaggio del designer italiano proprio a <strong>Jaipur<\/strong>, capoluogo della regione indiana del Rajasthan.\u00a0<\/span><\/p>\n<p class=\"p1\"><span class=\"s1\">Ci hanno raccontato che i tappeti esposti, molto grandi e maestosi, sono il frutto del lavoro di 180 persone in 6 mesi di lavoro, di cui l\u201985 % donne.\u00a0<\/span><\/p>\n<p class=\"p1\"><span class=\"s1\">Completamente <strong>fatti a mano<\/strong>, sono giunti via India per poter essere ammirati da noi, portando quel sapore orientale che fa sognare di mete e meraviglie lontane da visitare.<\/span><\/p>\n<p class=\"p1\"><span class=\"s1\">Anche lo Showroom di Cesare Correnti ci ha deliziato con delle installazioni davvero originali e di grande impatto, che sono riuscite a fondere l\u2019arte classica dei tappeti fatti a mano con un tocco di modernit\u00e0 immersiva e coinvolgente.\u00a0<\/span><\/p>\n<p class=\"p1\"><span class=\"s1\">Dalla quadripartita alleanza tra <strong>Studiopepe<\/strong>, <strong>Ilo Rugs<\/strong>, <strong>Almost Black<\/strong> e <strong>Massimiliano Camoletto<\/strong>, tre mostre in cui la paro<\/span>la chiave \u00e8 una sola: <strong>sensorialit\u00e0<\/strong>.<\/p>\n<div id=\"attachment_17582\" style=\"width: 253px\" class=\"wp-caption alignleft\"><img decoding=\"async\" aria-describedby=\"caption-attachment-17582\" class=\"wp-image-17582\" src=\"https:\/\/robertcutty.com\/wp-content\/uploads\/2019\/05\/tappeti-indiani.jpg\" alt=\"tappeti indiani originali\" width=\"243\" height=\"304\" srcset=\"https:\/\/robertcutty.com\/wp-content\/uploads\/2019\/05\/tappeti-indiani.jpg 720w, https:\/\/robertcutty.com\/wp-content\/uploads\/2019\/05\/tappeti-indiani-240x300.jpg 240w, https:\/\/robertcutty.com\/wp-content\/uploads\/2019\/05\/tappeti-indiani-700x875.jpg 700w\" sizes=\"(max-width: 243px) 100vw, 243px\" \/><p id=\"caption-attachment-17582\" class=\"wp-caption-text\">Ilo Rugs: tappeti indiani interattivi.<\/p><\/div>\n<p class=\"p1\"><span class=\"s1\">All\u2019interno di ogni stanza dedicata, siamo stati cos\u00ec catapultati in un\u2019esperienza coinvolgente che ci ha dato l\u2019illusione di camminare su tappeti tribali dell\u2019India profonda con tappeti interattivi che regalavano suoni a tema orientale, o su tappeti che ai loro fianchi godevano della ricostruzione di un piccolo fiumiciattolo scrosciante. <\/span><\/p>\n<p class=\"p1\"><span class=\"s1\">Infine, una gros<\/span><span class=\"s1\">sa stanza che come pavimento aveva ghiaia nera, che ci ha dato la sensazione di trovarci in una valle di qualche meravigliosa e selvaggia regione indiana.<\/span><\/p>\n<p class=\"p1\"><span class=\"s1\">Insomma, sicuramente un lavoro non banale!<\/span><\/p>\n<p>&nbsp;<\/p>\n<h2><\/h2>\n<p>&nbsp;<\/p>\n<p>&nbsp;<\/p>\n<h2 class=\"p1\"><span class=\"s1\">Brera Design District: Fondazione Pini e Missoni tra gli scudi\u00a0<\/span><\/h2>\n<p>&nbsp;<\/p>\n<div id=\"attachment_17579\" style=\"width: 309px\" class=\"wp-caption alignleft\"><img loading=\"lazy\" decoding=\"async\" aria-describedby=\"caption-attachment-17579\" class=\"wp-image-17579\" src=\"https:\/\/robertcutty.com\/wp-content\/uploads\/2019\/05\/amorales-black-cloud-.jpg\" alt=\"carlos amorales \" width=\"299\" height=\"374\" srcset=\"https:\/\/robertcutty.com\/wp-content\/uploads\/2019\/05\/amorales-black-cloud-.jpg 720w, https:\/\/robertcutty.com\/wp-content\/uploads\/2019\/05\/amorales-black-cloud--240x300.jpg 240w, https:\/\/robertcutty.com\/wp-content\/uploads\/2019\/05\/amorales-black-cloud--700x875.jpg 700w\" sizes=\"(max-width: 299px) 100vw, 299px\" \/><p id=\"caption-attachment-17579\" class=\"wp-caption-text\">Black Cloud, di Carlos Amorales.<\/p><\/div>\n<p class=\"p1\"><span class=\"s1\">La <strong>Fondazione Pini<\/strong> ha accolto per questo fuorisalone l\u2019opera dell\u2019artista messicano <strong>Carlos Amorales<\/strong> e la sua mostra <strong>L&#8217;Ora Dannata<\/strong>. Cos\u00ec, in una casa completamente bianca, <strong>Black Cloud<\/strong> mette in mostra <strong>15.000 farfalle nere<\/strong> che hanno invaso tutto lo spazio, creando un suggestivo effetto di contrasto cromatico.\u00a0<\/span><\/p>\n<p class=\"p1\"><span class=\"s1\">Perch\u00e8 farfalle nere? Perch\u00e8 l\u2019opera simboleggia la pesantezza della vita, simbolizzata attraverso il nero delle farfalle, che per\u00f2 sono anche animali leggeri e liberi di volare. Come a voler dunque <\/span><span class=\"s1\">r<\/span>appresentare la contraddittoriet\u00e0 della vita, con tutte le sfaccettature che questa ha!<\/p>\n<p class=\"p1\"><span class=\"s1\">Atmosfere pi\u00f9 fiabesche e colorate nello <strong>Showroom Missoni<\/strong> di via Solferino, con l\u2019artista<strong> Alessandra Roveda<\/strong> che propone una rivisitazione dello spazio domestico ricoprendolo di tinte morbide e sensuali, tutte completamente avvolte dalla <strong>maglia<\/strong>, materiale chiave dell&#8217;installazione. <\/span><\/p>\n<p class=\"p1\"><span class=\"s1\">Il tutto mixato con un tripudio di colori forti e vivaci che esprimono la freschezza di un\u2019opera che mira alla dolcezza e al ricordo fanciullesco dell\u2019osservatore.\u00a0<\/span><\/p>\n<p>&nbsp;<\/p>\n<h2><\/h2>\n<h2><\/h2>\n<h2><\/h2>\n<p>&nbsp;<\/p>\n<h2 class=\"p1\"><span class=\"s1\">Lambrate Design District, Rippotai Ecodesign e le lampade<\/span><\/h2>\n<p>&nbsp;<\/p>\n<div id=\"attachment_17610\" style=\"width: 286px\" class=\"wp-caption alignright\"><img loading=\"lazy\" decoding=\"async\" aria-describedby=\"caption-attachment-17610\" class=\"wp-image-17610\" src=\"https:\/\/robertcutty.com\/wp-content\/uploads\/2019\/05\/rippotai-ecodesign-fuorisalone-.jpg\" alt=\"rippotai lampade \" width=\"276\" height=\"345\" srcset=\"https:\/\/robertcutty.com\/wp-content\/uploads\/2019\/05\/rippotai-ecodesign-fuorisalone-.jpg 720w, https:\/\/robertcutty.com\/wp-content\/uploads\/2019\/05\/rippotai-ecodesign-fuorisalone--240x300.jpg 240w, https:\/\/robertcutty.com\/wp-content\/uploads\/2019\/05\/rippotai-ecodesign-fuorisalone--700x875.jpg 700w\" sizes=\"(max-width: 276px) 100vw, 276px\" \/><p id=\"caption-attachment-17610\" class=\"wp-caption-text\">Lampade Rippotai Ecodesign.<\/p><\/div>\n<p class=\"p1\"><span class=\"s1\">Abbiamo concluso il nostro giretto virando sul <strong>Lambrate Design District<\/strong>. Tra le tante belle installazioni, quelle che pi\u00f9 hanno attirato la nostra attenzione sono state quelle del <strong>FuoriSalmone 2019<\/strong>. <\/span><\/p>\n<p class=\"p1\"><span class=\"s1\">In via Massimiano 25, con una bella atmosfera pop e grafiche soprattutto tropical, i begli arredamenti <strong>Rippotai Ecodesign<\/strong> sono stati illuminati e supportati dalla bellezza colorata e curiosa delle <strong>Lampade lampotai<\/strong>, design box costituite da un cubo di cartone con all\u2019interno la luce della lampada stessa.<\/span><\/p>\n<p class=\"p1\"><span class=\"s1\">Progettate a mano e dagli svariati utilizzi possibili &#8211; come abat-jour, lampada da tavolo o da parete o addirittura cassa Bluetooth, queste originali lampade hanno conquistato i nostri cuori!<\/span><\/p>\n<h2><\/h2>\n<p>&nbsp;<\/p>\n<p>&nbsp;<\/p>\n<p>&nbsp;<\/p>\n<h2>Cosa \u00e8 rimasto ancora del Fuorisalone 2019?<\/h2>\n<p>&nbsp;<\/p>\n<p>Dopo tante belle\u00a0 esibizioni ed installazioni, la maggior parte delle opere sono state tolte. Se per\u00f2 avete ancora voglia di godervi qualche lavoro particolare o semplicemente avete voglia di rivedere\u00a0 opere dal design moderno ci sono ancora un po&#8217; di date disponibili:<\/p>\n<ul>\n<li>Vi segnaliamo, innanzitutto, che il lavoro di <strong>Carlos Amorales<\/strong> rimarr\u00e0 al suo posto <strong>fino all&#8217; 8 luglio 2019<\/strong>.\u00a0 Cos\u00ec, chi se lo fosse perso, pu\u00f2 recuperare con tutta calma!<\/li>\n<li><strong>Eataly<\/strong> allestisce, <strong>fino al 12 maggio<\/strong> e in <strong>piazza XXV Aprile<\/strong>, il giardino<strong> Prato Fiorito<\/strong>, un giardino biologico che vuole diffondere l&#8217;dea della difesa della biodiversit\u00e0 per contro al trattamento intensivo sulle piante.<\/li>\n<li>La <strong>mostra Immersione Libera<\/strong>, in <strong>via Carlo Botta 18<\/strong>. <strong>Fino al 18 maggio<\/strong>, negli spazi della Palazzina dei Bagni Misteriosi una serie di artisti propongono opere originali a soggetto non esclusivamente acquatico.<\/li>\n<li>A <strong>Palazzo Reale<\/strong> e <strong>fino al 12 maggio<\/strong>, <strong>Kartell<\/strong> propone una mostra che celebra i 70 anni della compagnia. L&#8217;evento racconta come arte e design si siano spesso intrecciati nella storia dell&#8217;azienda italiana, che ha saputo dialogare efficacemente anche con le pi\u00f9 significative correnti artistiche del tempo passato e presente.<\/li>\n<li>La <strong>mostra d&#8217;architettura<\/strong> di <strong>Tadao Ando<\/strong> nell&#8217;Armani Silos, <strong>in via Bergognone 40<\/strong>, zona Tortona. <span class=\"s2\">Per chi non lo sapesse, l&#8217;architetto giapponese \u00e8 stato colui che ha costruito, nel 2001, il primo edificio del brand Armani, e colui che ha dato il via alla vincente riqualificazione della zona Tortona, ora considerato centro nevralgico della moda e del design. La <strong>mostra antologica<\/strong> ripercorre alcuni dei progetti pi\u00f9 significativi di Ando, con taccuini, bozze e video installazioni ad attendervi!<\/span><\/li>\n<li class=\"li1\"><span class=\"s2\">Sempre in <strong>zona Tortona<\/strong>, <strong>Martina Simeti<\/strong> ha inaugurato con <strong>Broom<\/strong> la <strong>mostra personale di Sylvie Auvray<\/strong>, artista francese che attraverso scope composte da vari materiali, come ceramica, tessuti vegetali e metalli, offre uno spunto molto interessante ed originale sul fare arte con oggetti ordinari. Potrete visitare le sue opere <strong>fino al 17 maggio<\/strong>.<\/span><\/li>\n<\/ul>\n<p>&nbsp;<\/p>\n<p>Con tutte queste possibilit\u00e0 non vi resta dunque che prendervi tutto il tempo che vi serve per scegliervi un giorno in cui siete liberi e trarre spunto da qualche mostra interessante, che possa magari ispirarvi per trovare soluzioni originali e fuori dagli schemi per i problemi quotidiani che ci troviamo ad affrontare.<\/p>\n<p>O forse, semplicemente, godervi una giornata spensierata perdendovi tra opere d&#8217;arte (moderna).<\/p>\n<p>&nbsp;<\/p>\n","protected":false},"excerpt":{"rendered":"<p>Anche quest&#8217;anno si \u00e8 ormai concluso il Fuorisalone 2019. Tempo di tirar le somme, dunque! Anche per questa edizione possiamo dire di aver visto dei lavori e delle installazioni davvero carine ed originali. Abbiamo pensato di fare un giro nelle zone pi\u00f9 importanti di Milano&#8230;<\/p>\n","protected":false},"author":3,"featured_media":17826,"comment_status":"open","ping_status":"open","sticky":false,"template":"","format":"standard","meta":{"iawp_total_views":5,"footnotes":""},"categories":[215],"tags":[192,214,183,201,202,189,172,173,190,180,176,181,142,216,198,195,191,185,208,209,141,170,174,203,197,210,211,178,188,193,194,175,213,184,177,186,147,179,199,217,196,159,204,205,207,187,182,200,145,171,206],"class_list":["post-17552","post","type-post","status-publish","format-standard","has-post-thumbnail","hentry","category-design-week-milano","tag-alessandra-roveda","tag-almost-black","tag-almst-blck","tag-armani","tag-armani-silos","tag-black-cloud","tag-brera","tag-brera-design-district","tag-carlos-amorales","tag-cesare-correnti","tag-corsi-design","tag-design","tag-design-week","tag-design-week-2019","tag-eataly","tag-ecodesign","tag-farfalle-nere","tag-fondazione-pini","tag-fuorisalmone","tag-fuorisalmone2019","tag-fuorisalone","tag-fuorisalone2019","tag-gaetano-pesce","tag-ilo-rugs","tag-immersione-libera","tag-india","tag-jaipur","tag-jaipur-rugs","tag-lora-dannata","tag-lambrate","tag-lambrate-design-district","tag-maesta-sofferente","tag-maglia","tag-massimiliano-camoletto","tag-matteo-cibic","tag-missoni","tag-opificio31","tag-palazzo-litta","tag-palazzo-reale","tag-rajasthan","tag-rippotai","tag-robert-cutty","tag-robert-cutty-agency","tag-robertcutty","tag-sensorialita","tag-showroom-missoni","tag-studiopepe","tag-tadao-ando","tag-tortona","tag-tortona-design-district","tag-wunderkammer"],"yoast_head":"<!-- This site is optimized with the Yoast SEO plugin v27.0 - https:\/\/yoast.com\/product\/yoast-seo-wordpress\/ -->\n<title>Fuorisalone 2019: cosa ci \u00e8 rimasto e cosa rimane ancora | Robert Cutty<\/title>\n<meta name=\"description\" content=\"Il Fuorisalone 2019 si \u00e8 concluso da qualche settimana. Cosa ci \u00e8 rimasto delle tante belle installazioni? E cosa c&#039;\u00e8 ancora da visitare? Scoprilo con noi!\" \/>\n<meta name=\"robots\" content=\"index, follow, max-snippet:-1, max-image-preview:large, max-video-preview:-1\" \/>\n<link rel=\"canonical\" href=\"https:\/\/robertcutty.com\/en\/fuorisalone-2019-cosa-ci-e-rimasto-e-cosa-rimane-ancora-da-vedere\" \/>\n<meta property=\"og:locale\" content=\"it_IT\" \/>\n<meta property=\"og:type\" content=\"article\" \/>\n<meta property=\"og:title\" content=\"Fuorisalone 2019: cosa ci \u00e8 rimasto e cosa rimane ancora | Robert Cutty\" \/>\n<meta property=\"og:description\" content=\"Il Fuorisalone 2019 si \u00e8 concluso da qualche settimana. Cosa ci \u00e8 rimasto delle tante belle installazioni? E cosa c&#039;\u00e8 ancora da visitare? Scoprilo con noi!\" \/>\n<meta property=\"og:url\" content=\"https:\/\/robertcutty.com\/en\/fuorisalone-2019-cosa-ci-e-rimasto-e-cosa-rimane-ancora-da-vedere\" \/>\n<meta property=\"og:site_name\" content=\"Robert Cutty\" \/>\n<meta property=\"article:published_time\" content=\"2019-05-03T15:06:20+00:00\" \/>\n<meta property=\"article:modified_time\" content=\"2019-07-08T14:47:54+00:00\" \/>\n<meta property=\"og:image\" content=\"https:\/\/robertcutty.com\/wp-content\/uploads\/2019\/05\/Fuorisalone-2019.jpg\" \/>\n\t<meta property=\"og:image:width\" content=\"900\" \/>\n\t<meta property=\"og:image:height\" content=\"598\" \/>\n\t<meta property=\"og:image:type\" content=\"image\/jpeg\" \/>\n<meta name=\"author\" content=\"Giulia Tassoni\" \/>\n<meta name=\"twitter:card\" content=\"summary_large_image\" \/>\n<meta name=\"twitter:label1\" content=\"Scritto da\" \/>\n\t<meta name=\"twitter:data1\" content=\"Giulia Tassoni\" \/>\n\t<meta name=\"twitter:label2\" content=\"Tempo di lettura stimato\" \/>\n\t<meta name=\"twitter:data2\" content=\"6 minuti\" \/>\n<script type=\"application\/ld+json\" class=\"yoast-schema-graph\">{\"@context\":\"https:\/\/schema.org\",\"@graph\":[{\"@type\":\"Article\",\"@id\":\"https:\/\/robertcutty.com\/en\/fuorisalone-2019-cosa-ci-e-rimasto-e-cosa-rimane-ancora-da-vedere#article\",\"isPartOf\":{\"@id\":\"https:\/\/robertcutty.com\/en\/fuorisalone-2019-cosa-ci-e-rimasto-e-cosa-rimane-ancora-da-vedere\"},\"author\":{\"name\":\"Giulia Tassoni\",\"@id\":\"https:\/\/robertcutty.com\/#\/schema\/person\/42b79bd8ffd9121ef7a5affcd691f634\"},\"headline\":\"Fuorisalone 2019: cosa ci \u00e8 rimasto e cosa rimane ancora da vedere\",\"datePublished\":\"2019-05-03T15:06:20+00:00\",\"dateModified\":\"2019-07-08T14:47:54+00:00\",\"mainEntityOfPage\":{\"@id\":\"https:\/\/robertcutty.com\/en\/fuorisalone-2019-cosa-ci-e-rimasto-e-cosa-rimane-ancora-da-vedere\"},\"wordCount\":1191,\"commentCount\":0,\"image\":{\"@id\":\"https:\/\/robertcutty.com\/en\/fuorisalone-2019-cosa-ci-e-rimasto-e-cosa-rimane-ancora-da-vedere#primaryimage\"},\"thumbnailUrl\":\"https:\/\/robertcutty.com\/wp-content\/uploads\/2019\/05\/Fuorisalone-2019.jpg\",\"keywords\":[\"alessandra roveda\",\"almost black\",\"almst blck\",\"armani\",\"armani silos\",\"black cloud\",\"brera\",\"brera design district\",\"carlos amorales\",\"cesare correnti\",\"corsi design\",\"design\",\"design week\",\"design week 2019\",\"eataly\",\"ecodesign\",\"farfalle nere\",\"fondazione pini\",\"fuorisalmone\",\"fuorisalmone2019\",\"fuorisalone\",\"fuorisalone2019\",\"gaetano pesce\",\"ilo rugs\",\"immersione libera\",\"india\",\"jaipur\",\"jaipur rugs\",\"l'ora dannata\",\"lambrate\",\"lambrate design district\",\"maest\u00e0 sofferente\",\"maglia\",\"massimiliano camoletto\",\"matteo cibic\",\"missoni\",\"opificio31\",\"palazzo litta\",\"palazzo reale\",\"rajasthan\",\"rippotai\",\"robert cutty\",\"robert cutty agency\",\"robertcutty\",\"sensorialit\u00e0\",\"showroom missoni\",\"studiopepe\",\"tadao ando\",\"tortona\",\"tortona design district\",\"wunderkammer\"],\"articleSection\":[\"Design Week Milano\"],\"inLanguage\":\"it-IT\",\"potentialAction\":[{\"@type\":\"CommentAction\",\"name\":\"Comment\",\"target\":[\"https:\/\/robertcutty.com\/en\/fuorisalone-2019-cosa-ci-e-rimasto-e-cosa-rimane-ancora-da-vedere#respond\"]}]},{\"@type\":\"WebPage\",\"@id\":\"https:\/\/robertcutty.com\/en\/fuorisalone-2019-cosa-ci-e-rimasto-e-cosa-rimane-ancora-da-vedere\",\"url\":\"https:\/\/robertcutty.com\/en\/fuorisalone-2019-cosa-ci-e-rimasto-e-cosa-rimane-ancora-da-vedere\",\"name\":\"Fuorisalone 2019: cosa ci \u00e8 rimasto e cosa rimane ancora | Robert Cutty\",\"isPartOf\":{\"@id\":\"https:\/\/robertcutty.com\/#website\"},\"primaryImageOfPage\":{\"@id\":\"https:\/\/robertcutty.com\/en\/fuorisalone-2019-cosa-ci-e-rimasto-e-cosa-rimane-ancora-da-vedere#primaryimage\"},\"image\":{\"@id\":\"https:\/\/robertcutty.com\/en\/fuorisalone-2019-cosa-ci-e-rimasto-e-cosa-rimane-ancora-da-vedere#primaryimage\"},\"thumbnailUrl\":\"https:\/\/robertcutty.com\/wp-content\/uploads\/2019\/05\/Fuorisalone-2019.jpg\",\"datePublished\":\"2019-05-03T15:06:20+00:00\",\"dateModified\":\"2019-07-08T14:47:54+00:00\",\"author\":{\"@id\":\"https:\/\/robertcutty.com\/#\/schema\/person\/42b79bd8ffd9121ef7a5affcd691f634\"},\"description\":\"Il Fuorisalone 2019 si \u00e8 concluso da qualche settimana. Cosa ci \u00e8 rimasto delle tante belle installazioni? E cosa c'\u00e8 ancora da visitare? Scoprilo con noi!\",\"breadcrumb\":{\"@id\":\"https:\/\/robertcutty.com\/en\/fuorisalone-2019-cosa-ci-e-rimasto-e-cosa-rimane-ancora-da-vedere#breadcrumb\"},\"inLanguage\":\"it-IT\",\"potentialAction\":[{\"@type\":\"ReadAction\",\"target\":[\"https:\/\/robertcutty.com\/en\/fuorisalone-2019-cosa-ci-e-rimasto-e-cosa-rimane-ancora-da-vedere\"]}]},{\"@type\":\"ImageObject\",\"inLanguage\":\"it-IT\",\"@id\":\"https:\/\/robertcutty.com\/en\/fuorisalone-2019-cosa-ci-e-rimasto-e-cosa-rimane-ancora-da-vedere#primaryimage\",\"url\":\"https:\/\/robertcutty.com\/wp-content\/uploads\/2019\/05\/Fuorisalone-2019.jpg\",\"contentUrl\":\"https:\/\/robertcutty.com\/wp-content\/uploads\/2019\/05\/Fuorisalone-2019.jpg\",\"width\":900,\"height\":598},{\"@type\":\"BreadcrumbList\",\"@id\":\"https:\/\/robertcutty.com\/en\/fuorisalone-2019-cosa-ci-e-rimasto-e-cosa-rimane-ancora-da-vedere#breadcrumb\",\"itemListElement\":[{\"@type\":\"ListItem\",\"position\":1,\"name\":\"Home\",\"item\":\"https:\/\/robertcutty.com\/it\"},{\"@type\":\"ListItem\",\"position\":2,\"name\":\"Fuorisalone 2019: cosa ci \u00e8 rimasto e cosa rimane ancora da vedere\"}]},{\"@type\":\"WebSite\",\"@id\":\"https:\/\/robertcutty.com\/#website\",\"url\":\"https:\/\/robertcutty.com\/\",\"name\":\"Robert Cutty\",\"description\":\"Agenzia di comunicazione ed organizzazione eventi per adulti e bambini\",\"potentialAction\":[{\"@type\":\"SearchAction\",\"target\":{\"@type\":\"EntryPoint\",\"urlTemplate\":\"https:\/\/robertcutty.com\/?s={search_term_string}\"},\"query-input\":{\"@type\":\"PropertyValueSpecification\",\"valueRequired\":true,\"valueName\":\"search_term_string\"}}],\"inLanguage\":\"it-IT\"},{\"@type\":\"Person\",\"@id\":\"https:\/\/robertcutty.com\/#\/schema\/person\/42b79bd8ffd9121ef7a5affcd691f634\",\"name\":\"Giulia Tassoni\",\"image\":{\"@type\":\"ImageObject\",\"inLanguage\":\"it-IT\",\"@id\":\"https:\/\/robertcutty.com\/#\/schema\/person\/image\/\",\"url\":\"https:\/\/secure.gravatar.com\/avatar\/9da91c415b3378fe0a6662b269d676a911e6691d680c7789875b6495ef0e014b?s=96&d=mm&r=g\",\"contentUrl\":\"https:\/\/secure.gravatar.com\/avatar\/9da91c415b3378fe0a6662b269d676a911e6691d680c7789875b6495ef0e014b?s=96&d=mm&r=g\",\"caption\":\"Giulia Tassoni\"},\"url\":\"https:\/\/robertcutty.com\/it\/author\/giulia-tassoni\"}]}<\/script>\n<!-- \/ Yoast SEO plugin. -->","yoast_head_json":{"title":"Fuorisalone 2019: cosa ci \u00e8 rimasto e cosa rimane ancora | Robert Cutty","description":"Il Fuorisalone 2019 si \u00e8 concluso da qualche settimana. Cosa ci \u00e8 rimasto delle tante belle installazioni? E cosa c'\u00e8 ancora da visitare? Scoprilo con noi!","robots":{"index":"index","follow":"follow","max-snippet":"max-snippet:-1","max-image-preview":"max-image-preview:large","max-video-preview":"max-video-preview:-1"},"canonical":"https:\/\/robertcutty.com\/en\/fuorisalone-2019-cosa-ci-e-rimasto-e-cosa-rimane-ancora-da-vedere","og_locale":"it_IT","og_type":"article","og_title":"Fuorisalone 2019: cosa ci \u00e8 rimasto e cosa rimane ancora | Robert Cutty","og_description":"Il Fuorisalone 2019 si \u00e8 concluso da qualche settimana. Cosa ci \u00e8 rimasto delle tante belle installazioni? E cosa c'\u00e8 ancora da visitare? Scoprilo con noi!","og_url":"https:\/\/robertcutty.com\/en\/fuorisalone-2019-cosa-ci-e-rimasto-e-cosa-rimane-ancora-da-vedere","og_site_name":"Robert Cutty","article_published_time":"2019-05-03T15:06:20+00:00","article_modified_time":"2019-07-08T14:47:54+00:00","og_image":[{"width":900,"height":598,"url":"https:\/\/robertcutty.com\/wp-content\/uploads\/2019\/05\/Fuorisalone-2019.jpg","type":"image\/jpeg"}],"author":"Giulia Tassoni","twitter_card":"summary_large_image","twitter_misc":{"Scritto da":"Giulia Tassoni","Tempo di lettura stimato":"6 minuti"},"schema":{"@context":"https:\/\/schema.org","@graph":[{"@type":"Article","@id":"https:\/\/robertcutty.com\/en\/fuorisalone-2019-cosa-ci-e-rimasto-e-cosa-rimane-ancora-da-vedere#article","isPartOf":{"@id":"https:\/\/robertcutty.com\/en\/fuorisalone-2019-cosa-ci-e-rimasto-e-cosa-rimane-ancora-da-vedere"},"author":{"name":"Giulia Tassoni","@id":"https:\/\/robertcutty.com\/#\/schema\/person\/42b79bd8ffd9121ef7a5affcd691f634"},"headline":"Fuorisalone 2019: cosa ci \u00e8 rimasto e cosa rimane ancora da vedere","datePublished":"2019-05-03T15:06:20+00:00","dateModified":"2019-07-08T14:47:54+00:00","mainEntityOfPage":{"@id":"https:\/\/robertcutty.com\/en\/fuorisalone-2019-cosa-ci-e-rimasto-e-cosa-rimane-ancora-da-vedere"},"wordCount":1191,"commentCount":0,"image":{"@id":"https:\/\/robertcutty.com\/en\/fuorisalone-2019-cosa-ci-e-rimasto-e-cosa-rimane-ancora-da-vedere#primaryimage"},"thumbnailUrl":"https:\/\/robertcutty.com\/wp-content\/uploads\/2019\/05\/Fuorisalone-2019.jpg","keywords":["alessandra roveda","almost black","almst blck","armani","armani silos","black cloud","brera","brera design district","carlos amorales","cesare correnti","corsi design","design","design week","design week 2019","eataly","ecodesign","farfalle nere","fondazione pini","fuorisalmone","fuorisalmone2019","fuorisalone","fuorisalone2019","gaetano pesce","ilo rugs","immersione libera","india","jaipur","jaipur rugs","l'ora dannata","lambrate","lambrate design district","maest\u00e0 sofferente","maglia","massimiliano camoletto","matteo cibic","missoni","opificio31","palazzo litta","palazzo reale","rajasthan","rippotai","robert cutty","robert cutty agency","robertcutty","sensorialit\u00e0","showroom missoni","studiopepe","tadao ando","tortona","tortona design district","wunderkammer"],"articleSection":["Design Week Milano"],"inLanguage":"it-IT","potentialAction":[{"@type":"CommentAction","name":"Comment","target":["https:\/\/robertcutty.com\/en\/fuorisalone-2019-cosa-ci-e-rimasto-e-cosa-rimane-ancora-da-vedere#respond"]}]},{"@type":"WebPage","@id":"https:\/\/robertcutty.com\/en\/fuorisalone-2019-cosa-ci-e-rimasto-e-cosa-rimane-ancora-da-vedere","url":"https:\/\/robertcutty.com\/en\/fuorisalone-2019-cosa-ci-e-rimasto-e-cosa-rimane-ancora-da-vedere","name":"Fuorisalone 2019: cosa ci \u00e8 rimasto e cosa rimane ancora | Robert Cutty","isPartOf":{"@id":"https:\/\/robertcutty.com\/#website"},"primaryImageOfPage":{"@id":"https:\/\/robertcutty.com\/en\/fuorisalone-2019-cosa-ci-e-rimasto-e-cosa-rimane-ancora-da-vedere#primaryimage"},"image":{"@id":"https:\/\/robertcutty.com\/en\/fuorisalone-2019-cosa-ci-e-rimasto-e-cosa-rimane-ancora-da-vedere#primaryimage"},"thumbnailUrl":"https:\/\/robertcutty.com\/wp-content\/uploads\/2019\/05\/Fuorisalone-2019.jpg","datePublished":"2019-05-03T15:06:20+00:00","dateModified":"2019-07-08T14:47:54+00:00","author":{"@id":"https:\/\/robertcutty.com\/#\/schema\/person\/42b79bd8ffd9121ef7a5affcd691f634"},"description":"Il Fuorisalone 2019 si \u00e8 concluso da qualche settimana. Cosa ci \u00e8 rimasto delle tante belle installazioni? E cosa c'\u00e8 ancora da visitare? Scoprilo con noi!","breadcrumb":{"@id":"https:\/\/robertcutty.com\/en\/fuorisalone-2019-cosa-ci-e-rimasto-e-cosa-rimane-ancora-da-vedere#breadcrumb"},"inLanguage":"it-IT","potentialAction":[{"@type":"ReadAction","target":["https:\/\/robertcutty.com\/en\/fuorisalone-2019-cosa-ci-e-rimasto-e-cosa-rimane-ancora-da-vedere"]}]},{"@type":"ImageObject","inLanguage":"it-IT","@id":"https:\/\/robertcutty.com\/en\/fuorisalone-2019-cosa-ci-e-rimasto-e-cosa-rimane-ancora-da-vedere#primaryimage","url":"https:\/\/robertcutty.com\/wp-content\/uploads\/2019\/05\/Fuorisalone-2019.jpg","contentUrl":"https:\/\/robertcutty.com\/wp-content\/uploads\/2019\/05\/Fuorisalone-2019.jpg","width":900,"height":598},{"@type":"BreadcrumbList","@id":"https:\/\/robertcutty.com\/en\/fuorisalone-2019-cosa-ci-e-rimasto-e-cosa-rimane-ancora-da-vedere#breadcrumb","itemListElement":[{"@type":"ListItem","position":1,"name":"Home","item":"https:\/\/robertcutty.com\/it"},{"@type":"ListItem","position":2,"name":"Fuorisalone 2019: cosa ci \u00e8 rimasto e cosa rimane ancora da vedere"}]},{"@type":"WebSite","@id":"https:\/\/robertcutty.com\/#website","url":"https:\/\/robertcutty.com\/","name":"Robert Cutty","description":"Agenzia di comunicazione ed organizzazione eventi per adulti e bambini","potentialAction":[{"@type":"SearchAction","target":{"@type":"EntryPoint","urlTemplate":"https:\/\/robertcutty.com\/?s={search_term_string}"},"query-input":{"@type":"PropertyValueSpecification","valueRequired":true,"valueName":"search_term_string"}}],"inLanguage":"it-IT"},{"@type":"Person","@id":"https:\/\/robertcutty.com\/#\/schema\/person\/42b79bd8ffd9121ef7a5affcd691f634","name":"Giulia Tassoni","image":{"@type":"ImageObject","inLanguage":"it-IT","@id":"https:\/\/robertcutty.com\/#\/schema\/person\/image\/","url":"https:\/\/secure.gravatar.com\/avatar\/9da91c415b3378fe0a6662b269d676a911e6691d680c7789875b6495ef0e014b?s=96&d=mm&r=g","contentUrl":"https:\/\/secure.gravatar.com\/avatar\/9da91c415b3378fe0a6662b269d676a911e6691d680c7789875b6495ef0e014b?s=96&d=mm&r=g","caption":"Giulia Tassoni"},"url":"https:\/\/robertcutty.com\/it\/author\/giulia-tassoni"}]}},"_links":{"self":[{"href":"https:\/\/robertcutty.com\/it\/wp-json\/wp\/v2\/posts\/17552","targetHints":{"allow":["GET"]}}],"collection":[{"href":"https:\/\/robertcutty.com\/it\/wp-json\/wp\/v2\/posts"}],"about":[{"href":"https:\/\/robertcutty.com\/it\/wp-json\/wp\/v2\/types\/post"}],"author":[{"embeddable":true,"href":"https:\/\/robertcutty.com\/it\/wp-json\/wp\/v2\/users\/3"}],"replies":[{"embeddable":true,"href":"https:\/\/robertcutty.com\/it\/wp-json\/wp\/v2\/comments?post=17552"}],"version-history":[{"count":101,"href":"https:\/\/robertcutty.com\/it\/wp-json\/wp\/v2\/posts\/17552\/revisions"}],"predecessor-version":[{"id":17663,"href":"https:\/\/robertcutty.com\/it\/wp-json\/wp\/v2\/posts\/17552\/revisions\/17663"}],"wp:featuredmedia":[{"embeddable":true,"href":"https:\/\/robertcutty.com\/it\/wp-json\/wp\/v2\/media\/17826"}],"wp:attachment":[{"href":"https:\/\/robertcutty.com\/it\/wp-json\/wp\/v2\/media?parent=17552"}],"wp:term":[{"taxonomy":"category","embeddable":true,"href":"https:\/\/robertcutty.com\/it\/wp-json\/wp\/v2\/categories?post=17552"},{"taxonomy":"post_tag","embeddable":true,"href":"https:\/\/robertcutty.com\/it\/wp-json\/wp\/v2\/tags?post=17552"}],"curies":[{"name":"wp","href":"https:\/\/api.w.org\/{rel}","templated":true}]}}